{"id":4979,"date":"2018-05-02T11:55:16","date_gmt":"2018-05-02T11:55:16","guid":{"rendered":"https:\/\/iconproducts.com\/media\/?p=4979"},"modified":"2019-12-17T10:22:57","modified_gmt":"2019-12-17T10:22:57","slug":"glamour-de-pelo-fino-a-pelazo","status":"publish","type":"post","link":"https:\/\/iconproducts.com\/media\/glamour-de-pelo-fino-a-pelazo\/","title":{"rendered":"Glamour: de pelo fino a pelazo"},"content":{"rendered":"<h3>GLAMOUR RECOMIENDA OG FOAM STYLING MOUSSE DE I.C.O.N.<strong><br \/>\n<\/strong><\/h3>\n<h5><a href=\"http:\/\/www.glamour.es\/\" target=\"_blank\" rel=\"noopener noreferrer\">FUENTE: GLAMOUR MAGAZINE &#8211; 20 mayo 2018 \u00a9<\/a><\/h5>\n<p><strong>Los expertos han hablado: si quieres una melena con volumen deber\u00e1s revisar tu corte, el color y hasta la forma de secarte el cabello.<\/strong><\/p>\n<p>Conseguir m\u00e1s volumen es el caballo de batalla de todas las mujeres que tienen el pelo fino. \u00abNo hay cabello sin movimiento\u00bb, explica David Mallet, estilista de Sharon Stone, Natalie Portman o Kate Winslet, entre otras celebridades. Y a\u00f1ade: \u00abEs esencial dotar al pelo de movimiento, elasticidad y personalidad\u00bb<\/p>\n<p>\u00bfEl primer paso para conseguirlo? Toma nota, porque no es f\u00e1cil. El estilista asegura que hay que lavarse el pelo un d\u00eda a la semana. \u00abCuando lo hacemos con demasiada frecuencia; en lugar de cuidarlo, lo estropeamos y da\u00f1amos el cuero cabelludo\u00bb, asegura Mallet.<\/p>\n<p><strong>Color + corte<\/strong><\/p>\n<p>No es un mito: un buen corte de pelo es la mejor forma de conseguir un cabello con volumen y movimiento. \u00bfCada cu\u00e1nto tiempo debemos sanear nuestra melena? David Mallet aconseja \u00abcort\u00e1rselo cada tres meses. Eso s\u00ed, cuando lo hagamos debemos cortarlo de verdad\u00bb. As\u00ed que olv\u00eddate de pedir que te saneen las puntas.<\/p>\n<blockquote><p>Cuanto m\u00e1s pesa nuestra melena, m\u00e1s tiende a aplastarse al cuero cabelludo<\/p><\/blockquote>\n<p>La coloraci\u00f3n adecuada tambi\u00e9n aportar\u00e1 una sensaci\u00f3n visual de mayor movimiento. Ornar El Gharbawy, director t\u00e9cnico en Maison Eduardo Sanchez, a\u00f1ade: \u00abNo recomiendo los tonos demasiado uniformes, porque son planos. Es mejor decantarse por coloraciones m\u00e1s modernas como el contouring, las mechas tigereye o babylights&#8230; y aplicarlas en cortes escalados\u00bb.<\/p>\n<p><strong>Adi\u00f3s a las mechas tradicionales: bienvenidas balayage<\/strong><\/p>\n<p>\u00abLas cl\u00e1sicas mechas con papel de plata son las m\u00e1s agresivas para el cabello fino. Si no queremos renunciar al rubio, es muy recomendable la t\u00e9cnica balayage. El tiempo de exposici\u00f3n es m\u00e1s reducido, por lo que es mucho menos da\u00f1ino para el pelo\u00bb, se\u00f1ala Ornar El Gharbawy.<\/p>\n<p>Adem\u00e1s, si s\u00f3lo queremos cubrir parcialmente las canas, \u00abpodemos apostar por alg\u00fan reflejo hecho con un tinte delicado o por un ba\u00f1o de color que ofrece hasta un 80 por ciento de cobertura\u00bb.<\/p>\n<p><strong>M\u00e1ximo calor, m\u00ednima potencia<\/strong><\/p>\n<p>El secado es un paso sustancial para conseguir el volumen deseado. Adem\u00e1s, al contrario de lo que muchos piensan, \u00abno estropea el pelo, la \u00fanica diferencia entre utilizar o no el secador es el efecto de peinado que deseemos conseguir\u00bb, explica el estilista David Mallet.<\/p>\n<p>Por su parte, el director t\u00e9cnico de Maison Eduardo S\u00e1nchez se\u00f1ala la importancia de la t\u00e9cnica del secado: \u00abEn el caso del cabello fino, mi truco es empezar por los medios y puntas, de arriba abajo, ayud\u00e1ndome con los dedos como si fueran un peine.\u00bb<\/p>\n<p>La direcci\u00f3n del aire y el calor ayudan a sellar y abrillantar la cut\u00edcula del pelo, que est\u00e1 hecha de escamas. Por eso es tan importante respetar la direcci\u00f3n. \u00abPara terminar, boca abajo, despega las ra\u00edces con la ayuda de los dedos o con un peine de planchas\u00bb, a\u00f1ade Ornar El Gharbawy.<\/p>\n<p><strong>Recupera el difusor de los 80<\/strong><\/p>\n<p>S\u00ed, ese aparato que acompa\u00f1a al secador y que solemos abandonar en el tocador. \u00bfC\u00f3mo utilizarlo ? Ornar nos da las claves: \u00abInclina un poco la cabeza hacia los lados y, usando el difusor como si fuera la propia mano, vamos arrugando el cabello desde las puntas hasta las ra\u00edces\u00bb.<\/p>\n<p><strong>Direcci\u00f3n: a contracorriente<\/strong><\/p>\n<p>El sentido en el que desarrollemos el secado es esencial para lograr el efecto deseado y no el contrario. El estilista Ornar recomienda secar el cabello en la direcci\u00f3n opuesta a su ca\u00edda natural: \u00abTanto de un lado para otro como de atr\u00e1s hacia delante\u00bb.<\/p>\n<p>De esta forma, cuando volvamos a peinarlo, \u00abnotaremos una favorecedora sensaci\u00f3n de volumen\u00bb, concluye el estilista.<\/p>\n","protected":false},"excerpt":{"rendered":"<p>GLAMOUR RECOMIENDA OG FOAM STYLING MOUSSE DE I.C.O.N. FUENTE: GLAMOUR MAGAZINE &#8211; 20 mayo 2018 \u00a9 Los expertos han hablado: si quieres una melena con volumen deber\u00e1s revisar tu corte, el color y hasta la forma de secarte el cabello. Conseguir m\u00e1s volumen es el caballo de batalla de todas las mujeres que tienen el&#8230;<\/p>\n","protected":false},"author":11,"featured_media":4980,"comment_status":"open","ping_status":"open","sticky":false,"template":"","format":"gallery","meta":{"_monsterinsights_skip_tracking":false,"_monsterinsights_sitenote_active":false,"_monsterinsights_sitenote_note":"","_monsterinsights_sitenote_category":0,"footnotes":""},"categories":[91],"tags":[],"class_list":["post-4979","post","type-post","status-publish","format-gallery","has-post-thumbnail","hentry","category-menciones","post_format-post-format-gallery"],"yoast_head":"<!-- This site is optimized with the Yoast SEO plugin v24.2 - https:\/\/yoast.com\/wordpress\/plugins\/seo\/ -->\n<title>Glamour: de pelo fino a pelazo | I.C.O.N. Media<\/title>\n<meta name=\"robots\" content=\"index, follow, max-snippet:-1, max-image-preview:large, max-video-preview:-1\" \/>\n<link rel=\"canonical\" href=\"https:\/\/iconproducts.com\/media\/glamour-de-pelo-fino-a-pelazo\/\" \/>\n<meta name=\"twitter:card\" content=\"summary_large_image\" \/>\n<meta name=\"twitter:title\" content=\"Glamour: de pelo fino a pelazo | I.C.O.N. Media\" \/>\n<meta name=\"twitter:description\" content=\"GLAMOUR RECOMIENDA OG FOAM STYLING MOUSSE DE I.C.O.N. FUENTE: GLAMOUR MAGAZINE &#8211; 20 mayo 2018 \u00a9 Los expertos han hablado: si quieres una melena con volumen deber\u00e1s revisar tu corte, el color y hasta la forma de secarte el cabello. Conseguir m\u00e1s volumen es el caballo de batalla de todas las mujeres que tienen el...\" \/>\n<meta name=\"twitter:image\" content=\"https:\/\/iconproducts.com\/media\/wp-content\/uploads\/2018\/05\/icon-products-media-glamour-mayo-2018-02.jpg\" \/>\n<meta name=\"twitter:label1\" content=\"Escrito por\" \/>\n\t<meta name=\"twitter:data1\" content=\"I.C.O.N. Products\" \/>\n\t<meta name=\"twitter:label2\" content=\"Tiempo de lectura\" \/>\n\t<meta name=\"twitter:data2\" content=\"3 minutos\" \/>\n<script type=\"application\/ld+json\" class=\"yoast-schema-graph\">{\"@context\":\"https:\/\/schema.org\",\"@graph\":[{\"@type\":\"Article\",\"@id\":\"https:\/\/iconproducts.com\/media\/glamour-de-pelo-fino-a-pelazo\/#article\",\"isPartOf\":{\"@id\":\"https:\/\/iconproducts.com\/media\/glamour-de-pelo-fino-a-pelazo\/\"},\"author\":{\"name\":\"I.C.O.N. Products\",\"@id\":\"https:\/\/iconproducts.com\/media\/#\/schema\/person\/75881eb926f51b099b8e19ceb0f0b83a\"},\"headline\":\"Glamour: de pelo fino a pelazo\",\"datePublished\":\"2018-05-02T11:55:16+00:00\",\"dateModified\":\"2019-12-17T10:22:57+00:00\",\"mainEntityOfPage\":{\"@id\":\"https:\/\/iconproducts.com\/media\/glamour-de-pelo-fino-a-pelazo\/\"},\"wordCount\":658,\"commentCount\":0,\"publisher\":{\"@id\":\"https:\/\/iconproducts.com\/media\/#organization\"},\"image\":{\"@id\":\"https:\/\/iconproducts.com\/media\/glamour-de-pelo-fino-a-pelazo\/#primaryimage\"},\"thumbnailUrl\":\"https:\/\/iconproducts.com\/media\/wp-content\/uploads\/2018\/05\/icon-products-media-glamour-mayo-2018-02.jpg\",\"articleSection\":[\"Menciones\"],\"inLanguage\":\"es\",\"potentialAction\":[{\"@type\":\"CommentAction\",\"name\":\"Comment\",\"target\":[\"https:\/\/iconproducts.com\/media\/glamour-de-pelo-fino-a-pelazo\/#respond\"]}]},{\"@type\":\"WebPage\",\"@id\":\"https:\/\/iconproducts.com\/media\/glamour-de-pelo-fino-a-pelazo\/\",\"url\":\"https:\/\/iconproducts.com\/media\/glamour-de-pelo-fino-a-pelazo\/\",\"name\":\"Glamour: de pelo fino a pelazo | I.C.O.N. Media\",\"isPartOf\":{\"@id\":\"https:\/\/iconproducts.com\/media\/#website\"},\"primaryImageOfPage\":{\"@id\":\"https:\/\/iconproducts.com\/media\/glamour-de-pelo-fino-a-pelazo\/#primaryimage\"},\"image\":{\"@id\":\"https:\/\/iconproducts.com\/media\/glamour-de-pelo-fino-a-pelazo\/#primaryimage\"},\"thumbnailUrl\":\"https:\/\/iconproducts.com\/media\/wp-content\/uploads\/2018\/05\/icon-products-media-glamour-mayo-2018-02.jpg\",\"datePublished\":\"2018-05-02T11:55:16+00:00\",\"dateModified\":\"2019-12-17T10:22:57+00:00\",\"breadcrumb\":{\"@id\":\"https:\/\/iconproducts.com\/media\/glamour-de-pelo-fino-a-pelazo\/#breadcrumb\"},\"inLanguage\":\"es\",\"potentialAction\":[{\"@type\":\"ReadAction\",\"target\":[\"https:\/\/iconproducts.com\/media\/glamour-de-pelo-fino-a-pelazo\/\"]}]},{\"@type\":\"ImageObject\",\"inLanguage\":\"es\",\"@id\":\"https:\/\/iconproducts.com\/media\/glamour-de-pelo-fino-a-pelazo\/#primaryimage\",\"url\":\"https:\/\/iconproducts.com\/media\/wp-content\/uploads\/2018\/05\/icon-products-media-glamour-mayo-2018-02.jpg\",\"contentUrl\":\"https:\/\/iconproducts.com\/media\/wp-content\/uploads\/2018\/05\/icon-products-media-glamour-mayo-2018-02.jpg\",\"width\":1920,\"height\":1080},{\"@type\":\"BreadcrumbList\",\"@id\":\"https:\/\/iconproducts.com\/media\/glamour-de-pelo-fino-a-pelazo\/#breadcrumb\",\"itemListElement\":[{\"@type\":\"ListItem\",\"position\":1,\"name\":\"I.C.O.N. Media\",\"item\":\"https:\/\/iconproducts.com\/media\/\"},{\"@type\":\"ListItem\",\"position\":2,\"name\":\"Glamour: de pelo fino a pelazo\"}]},{\"@type\":\"WebSite\",\"@id\":\"https:\/\/iconproducts.com\/media\/#website\",\"url\":\"https:\/\/iconproducts.com\/media\/\",\"name\":\"I.C.O.N. Media\",\"description\":\" Todas las novedades de los productos I.C.O.N. en los medios de comunicaci\u00f3n \",\"publisher\":{\"@id\":\"https:\/\/iconproducts.com\/media\/#organization\"},\"potentialAction\":[{\"@type\":\"SearchAction\",\"target\":{\"@type\":\"EntryPoint\",\"urlTemplate\":\"https:\/\/iconproducts.com\/media\/?s={search_term_string}\"},\"query-input\":{\"@type\":\"PropertyValueSpecification\",\"valueRequired\":true,\"valueName\":\"search_term_string\"}}],\"inLanguage\":\"es\"},{\"@type\":\"Organization\",\"@id\":\"https:\/\/iconproducts.com\/media\/#organization\",\"name\":\"I.C.O.N. Products\",\"url\":\"https:\/\/iconproducts.com\/media\/\",\"logo\":{\"@type\":\"ImageObject\",\"inLanguage\":\"es\",\"@id\":\"https:\/\/iconproducts.com\/media\/#\/schema\/logo\/image\/\",\"url\":\"https:\/\/iconproducts.com\/media\/wp-content\/uploads\/2018\/05\/icon-products-media-logo.png\",\"contentUrl\":\"https:\/\/iconproducts.com\/media\/wp-content\/uploads\/2018\/05\/icon-products-media-logo.png\",\"width\":514,\"height\":208,\"caption\":\"I.C.O.N. Products\"},\"image\":{\"@id\":\"https:\/\/iconproducts.com\/media\/#\/schema\/logo\/image\/\"},\"sameAs\":[\"https:\/\/www.facebook.com\/iconproducts.spain\",\"https:\/\/www.instagram.com\/iconspain\/\",\"https:\/\/www.youtube.com\/user\/ICONproduct\"]},{\"@type\":\"Person\",\"@id\":\"https:\/\/iconproducts.com\/media\/#\/schema\/person\/75881eb926f51b099b8e19ceb0f0b83a\",\"name\":\"I.C.O.N. Products\",\"image\":{\"@type\":\"ImageObject\",\"inLanguage\":\"es\",\"@id\":\"https:\/\/iconproducts.com\/media\/#\/schema\/person\/image\/\",\"url\":\"https:\/\/secure.gravatar.com\/avatar\/1240abed26914ffb6a605f324ccff87f?s=96&d=mm&r=g\",\"contentUrl\":\"https:\/\/secure.gravatar.com\/avatar\/1240abed26914ffb6a605f324ccff87f?s=96&d=mm&r=g\",\"caption\":\"I.C.O.N. Products\"},\"description\":\"Todas las novedades de los productos I.C.O.N. en los medios de comunicaci\u00f3n.\",\"sameAs\":[\"http:\/\/www.iconproducts.com\"],\"url\":\"https:\/\/iconproducts.com\/media\/author\/i-c-o-n-media\/\"}]}<\/script>\n<!-- \/ Yoast SEO plugin. -->","yoast_head_json":{"title":"Glamour: de pelo fino a pelazo | I.C.O.N. Media","robots":{"index":"index","follow":"follow","max-snippet":"max-snippet:-1","max-image-preview":"max-image-preview:large","max-video-preview":"max-video-preview:-1"},"canonical":"https:\/\/iconproducts.com\/media\/glamour-de-pelo-fino-a-pelazo\/","twitter_card":"summary_large_image","twitter_title":"Glamour: de pelo fino a pelazo | I.C.O.N. Media","twitter_description":"GLAMOUR RECOMIENDA OG FOAM STYLING MOUSSE DE I.C.O.N. FUENTE: GLAMOUR MAGAZINE &#8211; 20 mayo 2018 \u00a9 Los expertos han hablado: si quieres una melena con volumen deber\u00e1s revisar tu corte, el color y hasta la forma de secarte el cabello. Conseguir m\u00e1s volumen es el caballo de batalla de todas las mujeres que tienen el...","twitter_image":"https:\/\/iconproducts.com\/media\/wp-content\/uploads\/2018\/05\/icon-products-media-glamour-mayo-2018-02.jpg","twitter_misc":{"Escrito por":"I.C.O.N. Products","Tiempo de lectura":"3 minutos"},"schema":{"@context":"https:\/\/schema.org","@graph":[{"@type":"Article","@id":"https:\/\/iconproducts.com\/media\/glamour-de-pelo-fino-a-pelazo\/#article","isPartOf":{"@id":"https:\/\/iconproducts.com\/media\/glamour-de-pelo-fino-a-pelazo\/"},"author":{"name":"I.C.O.N. Products","@id":"https:\/\/iconproducts.com\/media\/#\/schema\/person\/75881eb926f51b099b8e19ceb0f0b83a"},"headline":"Glamour: de pelo fino a pelazo","datePublished":"2018-05-02T11:55:16+00:00","dateModified":"2019-12-17T10:22:57+00:00","mainEntityOfPage":{"@id":"https:\/\/iconproducts.com\/media\/glamour-de-pelo-fino-a-pelazo\/"},"wordCount":658,"commentCount":0,"publisher":{"@id":"https:\/\/iconproducts.com\/media\/#organization"},"image":{"@id":"https:\/\/iconproducts.com\/media\/glamour-de-pelo-fino-a-pelazo\/#primaryimage"},"thumbnailUrl":"https:\/\/iconproducts.com\/media\/wp-content\/uploads\/2018\/05\/icon-products-media-glamour-mayo-2018-02.jpg","articleSection":["Menciones"],"inLanguage":"es","potentialAction":[{"@type":"CommentAction","name":"Comment","target":["https:\/\/iconproducts.com\/media\/glamour-de-pelo-fino-a-pelazo\/#respond"]}]},{"@type":"WebPage","@id":"https:\/\/iconproducts.com\/media\/glamour-de-pelo-fino-a-pelazo\/","url":"https:\/\/iconproducts.com\/media\/glamour-de-pelo-fino-a-pelazo\/","name":"Glamour: de pelo fino a pelazo | I.C.O.N. Media","isPartOf":{"@id":"https:\/\/iconproducts.com\/media\/#website"},"primaryImageOfPage":{"@id":"https:\/\/iconproducts.com\/media\/glamour-de-pelo-fino-a-pelazo\/#primaryimage"},"image":{"@id":"https:\/\/iconproducts.com\/media\/glamour-de-pelo-fino-a-pelazo\/#primaryimage"},"thumbnailUrl":"https:\/\/iconproducts.com\/media\/wp-content\/uploads\/2018\/05\/icon-products-media-glamour-mayo-2018-02.jpg","datePublished":"2018-05-02T11:55:16+00:00","dateModified":"2019-12-17T10:22:57+00:00","breadcrumb":{"@id":"https:\/\/iconproducts.com\/media\/glamour-de-pelo-fino-a-pelazo\/#breadcrumb"},"inLanguage":"es","potentialAction":[{"@type":"ReadAction","target":["https:\/\/iconproducts.com\/media\/glamour-de-pelo-fino-a-pelazo\/"]}]},{"@type":"ImageObject","inLanguage":"es","@id":"https:\/\/iconproducts.com\/media\/glamour-de-pelo-fino-a-pelazo\/#primaryimage","url":"https:\/\/iconproducts.com\/media\/wp-content\/uploads\/2018\/05\/icon-products-media-glamour-mayo-2018-02.jpg","contentUrl":"https:\/\/iconproducts.com\/media\/wp-content\/uploads\/2018\/05\/icon-products-media-glamour-mayo-2018-02.jpg","width":1920,"height":1080},{"@type":"BreadcrumbList","@id":"https:\/\/iconproducts.com\/media\/glamour-de-pelo-fino-a-pelazo\/#breadcrumb","itemListElement":[{"@type":"ListItem","position":1,"name":"I.C.O.N. Media","item":"https:\/\/iconproducts.com\/media\/"},{"@type":"ListItem","position":2,"name":"Glamour: de pelo fino a pelazo"}]},{"@type":"WebSite","@id":"https:\/\/iconproducts.com\/media\/#website","url":"https:\/\/iconproducts.com\/media\/","name":"I.C.O.N. Media","description":" Todas las novedades de los productos I.C.O.N. en los medios de comunicaci\u00f3n ","publisher":{"@id":"https:\/\/iconproducts.com\/media\/#organization"},"potentialAction":[{"@type":"SearchAction","target":{"@type":"EntryPoint","urlTemplate":"https:\/\/iconproducts.com\/media\/?s={search_term_string}"},"query-input":{"@type":"PropertyValueSpecification","valueRequired":true,"valueName":"search_term_string"}}],"inLanguage":"es"},{"@type":"Organization","@id":"https:\/\/iconproducts.com\/media\/#organization","name":"I.C.O.N. Products","url":"https:\/\/iconproducts.com\/media\/","logo":{"@type":"ImageObject","inLanguage":"es","@id":"https:\/\/iconproducts.com\/media\/#\/schema\/logo\/image\/","url":"https:\/\/iconproducts.com\/media\/wp-content\/uploads\/2018\/05\/icon-products-media-logo.png","contentUrl":"https:\/\/iconproducts.com\/media\/wp-content\/uploads\/2018\/05\/icon-products-media-logo.png","width":514,"height":208,"caption":"I.C.O.N. Products"},"image":{"@id":"https:\/\/iconproducts.com\/media\/#\/schema\/logo\/image\/"},"sameAs":["https:\/\/www.facebook.com\/iconproducts.spain","https:\/\/www.instagram.com\/iconspain\/","https:\/\/www.youtube.com\/user\/ICONproduct"]},{"@type":"Person","@id":"https:\/\/iconproducts.com\/media\/#\/schema\/person\/75881eb926f51b099b8e19ceb0f0b83a","name":"I.C.O.N. Products","image":{"@type":"ImageObject","inLanguage":"es","@id":"https:\/\/iconproducts.com\/media\/#\/schema\/person\/image\/","url":"https:\/\/secure.gravatar.com\/avatar\/1240abed26914ffb6a605f324ccff87f?s=96&d=mm&r=g","contentUrl":"https:\/\/secure.gravatar.com\/avatar\/1240abed26914ffb6a605f324ccff87f?s=96&d=mm&r=g","caption":"I.C.O.N. Products"},"description":"Todas las novedades de los productos I.C.O.N. en los medios de comunicaci\u00f3n.","sameAs":["http:\/\/www.iconproducts.com"],"url":"https:\/\/iconproducts.com\/media\/author\/i-c-o-n-media\/"}]}},"_links":{"self":[{"href":"https:\/\/iconproducts.com\/media\/wp-json\/wp\/v2\/posts\/4979","targetHints":{"allow":["GET"]}}],"collection":[{"href":"https:\/\/iconproducts.com\/media\/wp-json\/wp\/v2\/posts"}],"about":[{"href":"https:\/\/iconproducts.com\/media\/wp-json\/wp\/v2\/types\/post"}],"author":[{"embeddable":true,"href":"https:\/\/iconproducts.com\/media\/wp-json\/wp\/v2\/users\/11"}],"replies":[{"embeddable":true,"href":"https:\/\/iconproducts.com\/media\/wp-json\/wp\/v2\/comments?post=4979"}],"version-history":[{"count":19,"href":"https:\/\/iconproducts.com\/media\/wp-json\/wp\/v2\/posts\/4979\/revisions"}],"predecessor-version":[{"id":7215,"href":"https:\/\/iconproducts.com\/media\/wp-json\/wp\/v2\/posts\/4979\/revisions\/7215"}],"wp:featuredmedia":[{"embeddable":true,"href":"https:\/\/iconproducts.com\/media\/wp-json\/wp\/v2\/media\/4980"}],"wp:attachment":[{"href":"https:\/\/iconproducts.com\/media\/wp-json\/wp\/v2\/media?parent=4979"}],"wp:term":[{"taxonomy":"category","embeddable":true,"href":"https:\/\/iconproducts.com\/media\/wp-json\/wp\/v2\/categories?post=4979"},{"taxonomy":"post_tag","embeddable":true,"href":"https:\/\/iconproducts.com\/media\/wp-json\/wp\/v2\/tags?post=4979"}],"curies":[{"name":"wp","href":"https:\/\/api.w.org\/{rel}","templated":true}]}}