{"id":5076,"date":"2018-05-01T07:59:28","date_gmt":"2018-05-01T07:59:28","guid":{"rendered":"https:\/\/iconproducts.com\/media\/?p=5076"},"modified":"2019-12-17T10:20:50","modified_gmt":"2019-12-17T10:20:50","slug":"gq-la-revolucion-del-cabello","status":"publish","type":"post","link":"https:\/\/iconproducts.com\/media\/gq-la-revolucion-del-cabello\/","title":{"rendered":"GQ: la revoluci\u00f3n del cabello"},"content":{"rendered":"<h5><a href=\"http:\/\/www.revistagq.com\/\" target=\"_blank\" rel=\"noopener noreferrer\">FUENTE: GQ &#8211; mayo 2018 \u00a9<\/a><\/h5>\n<p>El hecho de que las ventas de estos productos se cuenten por millones de unidades es la demostraci\u00f3n de un cambio social sin precedentes. El hombre del siglo XXI ha adoptado la cosm\u00e9tica en su estilo de vida.<\/p>\n<h3>Revoluci\u00f3n del cabello<\/h3>\n<p><strong>Chiara y Jorge Rub\u00edn<\/strong> fundaron <strong>I.C.O.N. Products<\/strong> en 2002 con una idea clara: darle la vuelta al mundo del <strong>cuidado del cabello<\/strong>. Y lo consiguieraon uniendo dos conceptos antag\u00f3nicos: la <strong>tecnolog\u00eda de la \u00faltima generaci\u00f3n<\/strong> con los <strong>ingredientes activos m\u00e1s ecol\u00f3gicos<\/strong>. Su apuesta fue ganadora y, en 2017, celebraron su 15\u00ba Aniversario. La firma, con sede en California, ha creado en los \u00faltimos a\u00f1os dos <strong>l\u00edneas para hombre<\/strong>: capilar, <strong>Mr. A<\/strong> (2014), y de afeatado,<strong> The Shave<\/strong> (2016).<\/p>\n","protected":false},"excerpt":{"rendered":"<p>FUENTE: GQ &#8211; mayo 2018 \u00a9 El hecho de que las ventas de estos productos se cuenten por millones de unidades es la demostraci\u00f3n de un cambio social sin precedentes. El hombre del siglo XXI ha adoptado la cosm\u00e9tica en su estilo de vida. Revoluci\u00f3n del cabello Chiara y Jorge Rub\u00edn fundaron I.C.O.N. Products en&#8230;<\/p>\n","protected":false},"author":11,"featured_media":5078,"comment_status":"open","ping_status":"open","sticky":false,"template":"","format":"gallery","meta":{"_monsterinsights_skip_tracking":false,"_monsterinsights_sitenote_active":false,"_monsterinsights_sitenote_note":"","_monsterinsights_sitenote_category":0,"footnotes":""},"categories":[91],"tags":[],"class_list":["post-5076","post","type-post","status-publish","format-gallery","has-post-thumbnail","hentry","category-menciones","post_format-post-format-gallery"],"yoast_head":"<!-- This site is optimized with the Yoast SEO plugin v24.2 - https:\/\/yoast.com\/wordpress\/plugins\/seo\/ -->\n<title>GQ: la revoluci\u00f3n del cabello | I.C.O.N. Media<\/title>\n<meta name=\"robots\" content=\"index, follow, max-snippet:-1, max-image-preview:large, max-video-preview:-1\" \/>\n<link rel=\"canonical\" href=\"https:\/\/iconproducts.com\/media\/gq-la-revolucion-del-cabello\/\" \/>\n<meta name=\"twitter:card\" content=\"summary_large_image\" \/>\n<meta name=\"twitter:title\" content=\"GQ: la revoluci\u00f3n del cabello | I.C.O.N. Media\" \/>\n<meta name=\"twitter:description\" content=\"FUENTE: GQ &#8211; mayo 2018 \u00a9 El hecho de que las ventas de estos productos se cuenten por millones de unidades es la demostraci\u00f3n de un cambio social sin precedentes. El hombre del siglo XXI ha adoptado la cosm\u00e9tica en su estilo de vida. Revoluci\u00f3n del cabello Chiara y Jorge Rub\u00edn fundaron I.C.O.N. Products en...\" \/>\n<meta name=\"twitter:image\" content=\"https:\/\/iconproducts.com\/media\/wp-content\/uploads\/2018\/05\/icon-productos-gq-abril-2018-02.jpg\" \/>\n<meta name=\"twitter:label1\" content=\"Escrito por\" \/>\n\t<meta name=\"twitter:data1\" content=\"I.C.O.N. Products\" \/>\n\t<meta name=\"twitter:label2\" content=\"Tiempo de lectura\" \/>\n\t<meta name=\"twitter:data2\" content=\"1 minuto\" \/>\n<script type=\"application\/ld+json\" class=\"yoast-schema-graph\">{\"@context\":\"https:\/\/schema.org\",\"@graph\":[{\"@type\":\"Article\",\"@id\":\"https:\/\/iconproducts.com\/media\/gq-la-revolucion-del-cabello\/#article\",\"isPartOf\":{\"@id\":\"https:\/\/iconproducts.com\/media\/gq-la-revolucion-del-cabello\/\"},\"author\":{\"name\":\"I.C.O.N. Products\",\"@id\":\"https:\/\/iconproducts.com\/media\/#\/schema\/person\/75881eb926f51b099b8e19ceb0f0b83a\"},\"headline\":\"GQ: la revoluci\u00f3n del cabello\",\"datePublished\":\"2018-05-01T07:59:28+00:00\",\"dateModified\":\"2019-12-17T10:20:50+00:00\",\"mainEntityOfPage\":{\"@id\":\"https:\/\/iconproducts.com\/media\/gq-la-revolucion-del-cabello\/\"},\"wordCount\":138,\"commentCount\":0,\"publisher\":{\"@id\":\"https:\/\/iconproducts.com\/media\/#organization\"},\"image\":{\"@id\":\"https:\/\/iconproducts.com\/media\/gq-la-revolucion-del-cabello\/#primaryimage\"},\"thumbnailUrl\":\"https:\/\/iconproducts.com\/media\/wp-content\/uploads\/2018\/05\/icon-productos-gq-abril-2018-02.jpg\",\"articleSection\":[\"Menciones\"],\"inLanguage\":\"es\",\"potentialAction\":[{\"@type\":\"CommentAction\",\"name\":\"Comment\",\"target\":[\"https:\/\/iconproducts.com\/media\/gq-la-revolucion-del-cabello\/#respond\"]}]},{\"@type\":\"WebPage\",\"@id\":\"https:\/\/iconproducts.com\/media\/gq-la-revolucion-del-cabello\/\",\"url\":\"https:\/\/iconproducts.com\/media\/gq-la-revolucion-del-cabello\/\",\"name\":\"GQ: la revoluci\u00f3n del cabello | I.C.O.N. Media\",\"isPartOf\":{\"@id\":\"https:\/\/iconproducts.com\/media\/#website\"},\"primaryImageOfPage\":{\"@id\":\"https:\/\/iconproducts.com\/media\/gq-la-revolucion-del-cabello\/#primaryimage\"},\"image\":{\"@id\":\"https:\/\/iconproducts.com\/media\/gq-la-revolucion-del-cabello\/#primaryimage\"},\"thumbnailUrl\":\"https:\/\/iconproducts.com\/media\/wp-content\/uploads\/2018\/05\/icon-productos-gq-abril-2018-02.jpg\",\"datePublished\":\"2018-05-01T07:59:28+00:00\",\"dateModified\":\"2019-12-17T10:20:50+00:00\",\"breadcrumb\":{\"@id\":\"https:\/\/iconproducts.com\/media\/gq-la-revolucion-del-cabello\/#breadcrumb\"},\"inLanguage\":\"es\",\"potentialAction\":[{\"@type\":\"ReadAction\",\"target\":[\"https:\/\/iconproducts.com\/media\/gq-la-revolucion-del-cabello\/\"]}]},{\"@type\":\"ImageObject\",\"inLanguage\":\"es\",\"@id\":\"https:\/\/iconproducts.com\/media\/gq-la-revolucion-del-cabello\/#primaryimage\",\"url\":\"https:\/\/iconproducts.com\/media\/wp-content\/uploads\/2018\/05\/icon-productos-gq-abril-2018-02.jpg\",\"contentUrl\":\"https:\/\/iconproducts.com\/media\/wp-content\/uploads\/2018\/05\/icon-productos-gq-abril-2018-02.jpg\",\"width\":1920,\"height\":1080},{\"@type\":\"BreadcrumbList\",\"@id\":\"https:\/\/iconproducts.com\/media\/gq-la-revolucion-del-cabello\/#breadcrumb\",\"itemListElement\":[{\"@type\":\"ListItem\",\"position\":1,\"name\":\"I.C.O.N. Media\",\"item\":\"https:\/\/iconproducts.com\/media\/\"},{\"@type\":\"ListItem\",\"position\":2,\"name\":\"GQ: la revoluci\u00f3n del cabello\"}]},{\"@type\":\"WebSite\",\"@id\":\"https:\/\/iconproducts.com\/media\/#website\",\"url\":\"https:\/\/iconproducts.com\/media\/\",\"name\":\"I.C.O.N. Media\",\"description\":\" Todas las novedades de los productos I.C.O.N. en los medios de comunicaci\u00f3n \",\"publisher\":{\"@id\":\"https:\/\/iconproducts.com\/media\/#organization\"},\"potentialAction\":[{\"@type\":\"SearchAction\",\"target\":{\"@type\":\"EntryPoint\",\"urlTemplate\":\"https:\/\/iconproducts.com\/media\/?s={search_term_string}\"},\"query-input\":{\"@type\":\"PropertyValueSpecification\",\"valueRequired\":true,\"valueName\":\"search_term_string\"}}],\"inLanguage\":\"es\"},{\"@type\":\"Organization\",\"@id\":\"https:\/\/iconproducts.com\/media\/#organization\",\"name\":\"I.C.O.N. Products\",\"url\":\"https:\/\/iconproducts.com\/media\/\",\"logo\":{\"@type\":\"ImageObject\",\"inLanguage\":\"es\",\"@id\":\"https:\/\/iconproducts.com\/media\/#\/schema\/logo\/image\/\",\"url\":\"https:\/\/iconproducts.com\/media\/wp-content\/uploads\/2018\/05\/icon-products-media-logo.png\",\"contentUrl\":\"https:\/\/iconproducts.com\/media\/wp-content\/uploads\/2018\/05\/icon-products-media-logo.png\",\"width\":514,\"height\":208,\"caption\":\"I.C.O.N. Products\"},\"image\":{\"@id\":\"https:\/\/iconproducts.com\/media\/#\/schema\/logo\/image\/\"},\"sameAs\":[\"https:\/\/www.facebook.com\/iconproducts.spain\",\"https:\/\/www.instagram.com\/iconspain\/\",\"https:\/\/www.youtube.com\/user\/ICONproduct\"]},{\"@type\":\"Person\",\"@id\":\"https:\/\/iconproducts.com\/media\/#\/schema\/person\/75881eb926f51b099b8e19ceb0f0b83a\",\"name\":\"I.C.O.N. Products\",\"image\":{\"@type\":\"ImageObject\",\"inLanguage\":\"es\",\"@id\":\"https:\/\/iconproducts.com\/media\/#\/schema\/person\/image\/\",\"url\":\"https:\/\/secure.gravatar.com\/avatar\/1240abed26914ffb6a605f324ccff87f?s=96&d=mm&r=g\",\"contentUrl\":\"https:\/\/secure.gravatar.com\/avatar\/1240abed26914ffb6a605f324ccff87f?s=96&d=mm&r=g\",\"caption\":\"I.C.O.N. Products\"},\"description\":\"Todas las novedades de los productos I.C.O.N. en los medios de comunicaci\u00f3n.\",\"sameAs\":[\"http:\/\/www.iconproducts.com\"],\"url\":\"https:\/\/iconproducts.com\/media\/author\/i-c-o-n-media\/\"}]}<\/script>\n<!-- \/ Yoast SEO plugin. -->","yoast_head_json":{"title":"GQ: la revoluci\u00f3n del cabello | I.C.O.N. Media","robots":{"index":"index","follow":"follow","max-snippet":"max-snippet:-1","max-image-preview":"max-image-preview:large","max-video-preview":"max-video-preview:-1"},"canonical":"https:\/\/iconproducts.com\/media\/gq-la-revolucion-del-cabello\/","twitter_card":"summary_large_image","twitter_title":"GQ: la revoluci\u00f3n del cabello | I.C.O.N. Media","twitter_description":"FUENTE: GQ &#8211; mayo 2018 \u00a9 El hecho de que las ventas de estos productos se cuenten por millones de unidades es la demostraci\u00f3n de un cambio social sin precedentes. El hombre del siglo XXI ha adoptado la cosm\u00e9tica en su estilo de vida. Revoluci\u00f3n del cabello Chiara y Jorge Rub\u00edn fundaron I.C.O.N. Products en...","twitter_image":"https:\/\/iconproducts.com\/media\/wp-content\/uploads\/2018\/05\/icon-productos-gq-abril-2018-02.jpg","twitter_misc":{"Escrito por":"I.C.O.N. Products","Tiempo de lectura":"1 minuto"},"schema":{"@context":"https:\/\/schema.org","@graph":[{"@type":"Article","@id":"https:\/\/iconproducts.com\/media\/gq-la-revolucion-del-cabello\/#article","isPartOf":{"@id":"https:\/\/iconproducts.com\/media\/gq-la-revolucion-del-cabello\/"},"author":{"name":"I.C.O.N. Products","@id":"https:\/\/iconproducts.com\/media\/#\/schema\/person\/75881eb926f51b099b8e19ceb0f0b83a"},"headline":"GQ: la revoluci\u00f3n del cabello","datePublished":"2018-05-01T07:59:28+00:00","dateModified":"2019-12-17T10:20:50+00:00","mainEntityOfPage":{"@id":"https:\/\/iconproducts.com\/media\/gq-la-revolucion-del-cabello\/"},"wordCount":138,"commentCount":0,"publisher":{"@id":"https:\/\/iconproducts.com\/media\/#organization"},"image":{"@id":"https:\/\/iconproducts.com\/media\/gq-la-revolucion-del-cabello\/#primaryimage"},"thumbnailUrl":"https:\/\/iconproducts.com\/media\/wp-content\/uploads\/2018\/05\/icon-productos-gq-abril-2018-02.jpg","articleSection":["Menciones"],"inLanguage":"es","potentialAction":[{"@type":"CommentAction","name":"Comment","target":["https:\/\/iconproducts.com\/media\/gq-la-revolucion-del-cabello\/#respond"]}]},{"@type":"WebPage","@id":"https:\/\/iconproducts.com\/media\/gq-la-revolucion-del-cabello\/","url":"https:\/\/iconproducts.com\/media\/gq-la-revolucion-del-cabello\/","name":"GQ: la revoluci\u00f3n del cabello | I.C.O.N. Media","isPartOf":{"@id":"https:\/\/iconproducts.com\/media\/#website"},"primaryImageOfPage":{"@id":"https:\/\/iconproducts.com\/media\/gq-la-revolucion-del-cabello\/#primaryimage"},"image":{"@id":"https:\/\/iconproducts.com\/media\/gq-la-revolucion-del-cabello\/#primaryimage"},"thumbnailUrl":"https:\/\/iconproducts.com\/media\/wp-content\/uploads\/2018\/05\/icon-productos-gq-abril-2018-02.jpg","datePublished":"2018-05-01T07:59:28+00:00","dateModified":"2019-12-17T10:20:50+00:00","breadcrumb":{"@id":"https:\/\/iconproducts.com\/media\/gq-la-revolucion-del-cabello\/#breadcrumb"},"inLanguage":"es","potentialAction":[{"@type":"ReadAction","target":["https:\/\/iconproducts.com\/media\/gq-la-revolucion-del-cabello\/"]}]},{"@type":"ImageObject","inLanguage":"es","@id":"https:\/\/iconproducts.com\/media\/gq-la-revolucion-del-cabello\/#primaryimage","url":"https:\/\/iconproducts.com\/media\/wp-content\/uploads\/2018\/05\/icon-productos-gq-abril-2018-02.jpg","contentUrl":"https:\/\/iconproducts.com\/media\/wp-content\/uploads\/2018\/05\/icon-productos-gq-abril-2018-02.jpg","width":1920,"height":1080},{"@type":"BreadcrumbList","@id":"https:\/\/iconproducts.com\/media\/gq-la-revolucion-del-cabello\/#breadcrumb","itemListElement":[{"@type":"ListItem","position":1,"name":"I.C.O.N. Media","item":"https:\/\/iconproducts.com\/media\/"},{"@type":"ListItem","position":2,"name":"GQ: la revoluci\u00f3n del cabello"}]},{"@type":"WebSite","@id":"https:\/\/iconproducts.com\/media\/#website","url":"https:\/\/iconproducts.com\/media\/","name":"I.C.O.N. Media","description":" Todas las novedades de los productos I.C.O.N. en los medios de comunicaci\u00f3n ","publisher":{"@id":"https:\/\/iconproducts.com\/media\/#organization"},"potentialAction":[{"@type":"SearchAction","target":{"@type":"EntryPoint","urlTemplate":"https:\/\/iconproducts.com\/media\/?s={search_term_string}"},"query-input":{"@type":"PropertyValueSpecification","valueRequired":true,"valueName":"search_term_string"}}],"inLanguage":"es"},{"@type":"Organization","@id":"https:\/\/iconproducts.com\/media\/#organization","name":"I.C.O.N. Products","url":"https:\/\/iconproducts.com\/media\/","logo":{"@type":"ImageObject","inLanguage":"es","@id":"https:\/\/iconproducts.com\/media\/#\/schema\/logo\/image\/","url":"https:\/\/iconproducts.com\/media\/wp-content\/uploads\/2018\/05\/icon-products-media-logo.png","contentUrl":"https:\/\/iconproducts.com\/media\/wp-content\/uploads\/2018\/05\/icon-products-media-logo.png","width":514,"height":208,"caption":"I.C.O.N. Products"},"image":{"@id":"https:\/\/iconproducts.com\/media\/#\/schema\/logo\/image\/"},"sameAs":["https:\/\/www.facebook.com\/iconproducts.spain","https:\/\/www.instagram.com\/iconspain\/","https:\/\/www.youtube.com\/user\/ICONproduct"]},{"@type":"Person","@id":"https:\/\/iconproducts.com\/media\/#\/schema\/person\/75881eb926f51b099b8e19ceb0f0b83a","name":"I.C.O.N. Products","image":{"@type":"ImageObject","inLanguage":"es","@id":"https:\/\/iconproducts.com\/media\/#\/schema\/person\/image\/","url":"https:\/\/secure.gravatar.com\/avatar\/1240abed26914ffb6a605f324ccff87f?s=96&d=mm&r=g","contentUrl":"https:\/\/secure.gravatar.com\/avatar\/1240abed26914ffb6a605f324ccff87f?s=96&d=mm&r=g","caption":"I.C.O.N. Products"},"description":"Todas las novedades de los productos I.C.O.N. en los medios de comunicaci\u00f3n.","sameAs":["http:\/\/www.iconproducts.com"],"url":"https:\/\/iconproducts.com\/media\/author\/i-c-o-n-media\/"}]}},"_links":{"self":[{"href":"https:\/\/iconproducts.com\/media\/wp-json\/wp\/v2\/posts\/5076","targetHints":{"allow":["GET"]}}],"collection":[{"href":"https:\/\/iconproducts.com\/media\/wp-json\/wp\/v2\/posts"}],"about":[{"href":"https:\/\/iconproducts.com\/media\/wp-json\/wp\/v2\/types\/post"}],"author":[{"embeddable":true,"href":"https:\/\/iconproducts.com\/media\/wp-json\/wp\/v2\/users\/11"}],"replies":[{"embeddable":true,"href":"https:\/\/iconproducts.com\/media\/wp-json\/wp\/v2\/comments?post=5076"}],"version-history":[{"count":6,"href":"https:\/\/iconproducts.com\/media\/wp-json\/wp\/v2\/posts\/5076\/revisions"}],"predecessor-version":[{"id":7217,"href":"https:\/\/iconproducts.com\/media\/wp-json\/wp\/v2\/posts\/5076\/revisions\/7217"}],"wp:featuredmedia":[{"embeddable":true,"href":"https:\/\/iconproducts.com\/media\/wp-json\/wp\/v2\/media\/5078"}],"wp:attachment":[{"href":"https:\/\/iconproducts.com\/media\/wp-json\/wp\/v2\/media?parent=5076"}],"wp:term":[{"taxonomy":"category","embeddable":true,"href":"https:\/\/iconproducts.com\/media\/wp-json\/wp\/v2\/categories?post=5076"},{"taxonomy":"post_tag","embeddable":true,"href":"https:\/\/iconproducts.com\/media\/wp-json\/wp\/v2\/tags?post=5076"}],"curies":[{"name":"wp","href":"https:\/\/api.w.org\/{rel}","templated":true}]}}