{"id":5259,"date":"2018-06-14T08:42:33","date_gmt":"2018-06-14T08:42:33","guid":{"rendered":"https:\/\/iconproducts.com\/media\/?p=5259"},"modified":"2019-12-17T10:49:01","modified_gmt":"2019-12-17T10:49:01","slug":"un-look-para-este-verano","status":"publish","type":"post","link":"https:\/\/iconproducts.com\/media\/un-look-para-este-verano\/","title":{"rendered":"Un look para este verano"},"content":{"rendered":"<h3>I.C.O.N. Products marca tendencia<\/h3>\n<p>Ahora que por fin ya podemos ver los primeros rayos de sol y notar el calor de los t\u00edpicos d\u00edas de verano, nos vamos fijando en las <strong>tendencias de moda<\/strong> para esta temporada.<\/p>\n<p>En la editorial de moda del \u00faltimo n\u00famero de la revista semanal <strong>Mujer Hoy<\/strong>, nos ense\u00f1an las tendencias con estampados florales en tejidos suaves y ligeros para los estilos m\u00e1s veraniegos.<\/p>\n<p>La top model <strong>Joana Sanz<\/strong> con su fuerte estilo latino, lleva las propuestas de las primeras marcas de moda de una manera espectacular.<\/p>\n<p>Combina los estilos m\u00e1s de moda con un <strong>look efecto mojado<\/strong> que resulta perfecto para cualquier ocasi\u00f3n de un d\u00eda caluroso de verano.<\/p>\n<p>Consigue tu look efecto mojado para esta temporada con el gel de prote\u00ednas <strong>PROTEIN<\/strong> de Liquid Fashion que nutre cada hebra, al mismo tiempo que aporta forma y fija tu cabello. \u00a1Un producto que tienes que llevarte en la maleta estas vacaciones!<\/p>\n<p><a href=\"https:\/\/iconproducts.com\/es\/liquid-fashion\/protein\" target=\"_blank\" rel=\"noopener noreferrer\">SABER M\u00c1S SOBRE PROTEIN<\/a><\/p>\n<h5><a href=\"http:\/\/www.mujerhoy.com\/moda\/no-te-pierdas\/201806\/11\/prendas-florales-joana-sanz-502161195659-ga.html\" target=\"_blank\" rel=\"noopener noreferrer\"><strong>Ver Editorial en\u00a0<\/strong><strong>Mujer Hoy <\/strong><strong>\u00a9<\/strong><\/a><\/h5>\n<p><strong>Hair: Pilar Lucas with I.C.O.N. Products<\/strong><\/p>\n","protected":false},"excerpt":{"rendered":"<p>I.C.O.N. Products marca tendencia Ahora que por fin ya podemos ver los primeros rayos de sol y notar el calor de los t\u00edpicos d\u00edas de verano, nos vamos fijando en las tendencias de moda para esta temporada. En la editorial de moda del \u00faltimo n\u00famero de la revista semanal Mujer Hoy, nos ense\u00f1an las tendencias&#8230;<\/p>\n","protected":false},"author":11,"featured_media":5271,"comment_status":"open","ping_status":"open","sticky":false,"template":"","format":"gallery","meta":{"_monsterinsights_skip_tracking":false,"_monsterinsights_sitenote_active":false,"_monsterinsights_sitenote_note":"","_monsterinsights_sitenote_category":0,"footnotes":""},"categories":[90],"tags":[],"class_list":["post-5259","post","type-post","status-publish","format-gallery","has-post-thumbnail","hentry","category-moda","post_format-post-format-gallery"],"yoast_head":"<!-- This site is optimized with the Yoast SEO plugin v24.2 - https:\/\/yoast.com\/wordpress\/plugins\/seo\/ -->\n<title>Un look para este verano | I.C.O.N. Media<\/title>\n<meta name=\"robots\" content=\"index, follow, max-snippet:-1, max-image-preview:large, max-video-preview:-1\" \/>\n<link rel=\"canonical\" href=\"https:\/\/iconproducts.com\/media\/un-look-para-este-verano\/\" \/>\n<meta name=\"twitter:card\" content=\"summary_large_image\" \/>\n<meta name=\"twitter:title\" content=\"Un look para este verano | I.C.O.N. Media\" \/>\n<meta name=\"twitter:description\" content=\"I.C.O.N. Products marca tendencia Ahora que por fin ya podemos ver los primeros rayos de sol y notar el calor de los t\u00edpicos d\u00edas de verano, nos vamos fijando en las tendencias de moda para esta temporada. En la editorial de moda del \u00faltimo n\u00famero de la revista semanal Mujer Hoy, nos ense\u00f1an las tendencias...\" \/>\n<meta name=\"twitter:image\" content=\"https:\/\/iconproducts.com\/media\/wp-content\/uploads\/2018\/06\/portada-mujer-hoy.jpg\" \/>\n<meta name=\"twitter:label1\" content=\"Escrito por\" \/>\n\t<meta name=\"twitter:data1\" content=\"I.C.O.N. Products\" \/>\n\t<meta name=\"twitter:label2\" content=\"Tiempo de lectura\" \/>\n\t<meta name=\"twitter:data2\" content=\"1 minuto\" \/>\n<script type=\"application\/ld+json\" class=\"yoast-schema-graph\">{\"@context\":\"https:\/\/schema.org\",\"@graph\":[{\"@type\":\"Article\",\"@id\":\"https:\/\/iconproducts.com\/media\/un-look-para-este-verano\/#article\",\"isPartOf\":{\"@id\":\"https:\/\/iconproducts.com\/media\/un-look-para-este-verano\/\"},\"author\":{\"name\":\"I.C.O.N. Products\",\"@id\":\"https:\/\/iconproducts.com\/media\/#\/schema\/person\/75881eb926f51b099b8e19ceb0f0b83a\"},\"headline\":\"Un look para este verano\",\"datePublished\":\"2018-06-14T08:42:33+00:00\",\"dateModified\":\"2019-12-17T10:49:01+00:00\",\"mainEntityOfPage\":{\"@id\":\"https:\/\/iconproducts.com\/media\/un-look-para-este-verano\/\"},\"wordCount\":192,\"commentCount\":0,\"publisher\":{\"@id\":\"https:\/\/iconproducts.com\/media\/#organization\"},\"image\":{\"@id\":\"https:\/\/iconproducts.com\/media\/un-look-para-este-verano\/#primaryimage\"},\"thumbnailUrl\":\"https:\/\/iconproducts.com\/media\/wp-content\/uploads\/2018\/06\/portada-mujer-hoy.jpg\",\"articleSection\":[\"Moda\"],\"inLanguage\":\"es\",\"potentialAction\":[{\"@type\":\"CommentAction\",\"name\":\"Comment\",\"target\":[\"https:\/\/iconproducts.com\/media\/un-look-para-este-verano\/#respond\"]}]},{\"@type\":\"WebPage\",\"@id\":\"https:\/\/iconproducts.com\/media\/un-look-para-este-verano\/\",\"url\":\"https:\/\/iconproducts.com\/media\/un-look-para-este-verano\/\",\"name\":\"Un look para este verano | I.C.O.N. Media\",\"isPartOf\":{\"@id\":\"https:\/\/iconproducts.com\/media\/#website\"},\"primaryImageOfPage\":{\"@id\":\"https:\/\/iconproducts.com\/media\/un-look-para-este-verano\/#primaryimage\"},\"image\":{\"@id\":\"https:\/\/iconproducts.com\/media\/un-look-para-este-verano\/#primaryimage\"},\"thumbnailUrl\":\"https:\/\/iconproducts.com\/media\/wp-content\/uploads\/2018\/06\/portada-mujer-hoy.jpg\",\"datePublished\":\"2018-06-14T08:42:33+00:00\",\"dateModified\":\"2019-12-17T10:49:01+00:00\",\"breadcrumb\":{\"@id\":\"https:\/\/iconproducts.com\/media\/un-look-para-este-verano\/#breadcrumb\"},\"inLanguage\":\"es\",\"potentialAction\":[{\"@type\":\"ReadAction\",\"target\":[\"https:\/\/iconproducts.com\/media\/un-look-para-este-verano\/\"]}]},{\"@type\":\"ImageObject\",\"inLanguage\":\"es\",\"@id\":\"https:\/\/iconproducts.com\/media\/un-look-para-este-verano\/#primaryimage\",\"url\":\"https:\/\/iconproducts.com\/media\/wp-content\/uploads\/2018\/06\/portada-mujer-hoy.jpg\",\"contentUrl\":\"https:\/\/iconproducts.com\/media\/wp-content\/uploads\/2018\/06\/portada-mujer-hoy.jpg\",\"width\":1920,\"height\":1080},{\"@type\":\"BreadcrumbList\",\"@id\":\"https:\/\/iconproducts.com\/media\/un-look-para-este-verano\/#breadcrumb\",\"itemListElement\":[{\"@type\":\"ListItem\",\"position\":1,\"name\":\"I.C.O.N. Media\",\"item\":\"https:\/\/iconproducts.com\/media\/\"},{\"@type\":\"ListItem\",\"position\":2,\"name\":\"Un look para este verano\"}]},{\"@type\":\"WebSite\",\"@id\":\"https:\/\/iconproducts.com\/media\/#website\",\"url\":\"https:\/\/iconproducts.com\/media\/\",\"name\":\"I.C.O.N. Media\",\"description\":\" Todas las novedades de los productos I.C.O.N. en los medios de comunicaci\u00f3n \",\"publisher\":{\"@id\":\"https:\/\/iconproducts.com\/media\/#organization\"},\"potentialAction\":[{\"@type\":\"SearchAction\",\"target\":{\"@type\":\"EntryPoint\",\"urlTemplate\":\"https:\/\/iconproducts.com\/media\/?s={search_term_string}\"},\"query-input\":{\"@type\":\"PropertyValueSpecification\",\"valueRequired\":true,\"valueName\":\"search_term_string\"}}],\"inLanguage\":\"es\"},{\"@type\":\"Organization\",\"@id\":\"https:\/\/iconproducts.com\/media\/#organization\",\"name\":\"I.C.O.N. Products\",\"url\":\"https:\/\/iconproducts.com\/media\/\",\"logo\":{\"@type\":\"ImageObject\",\"inLanguage\":\"es\",\"@id\":\"https:\/\/iconproducts.com\/media\/#\/schema\/logo\/image\/\",\"url\":\"https:\/\/iconproducts.com\/media\/wp-content\/uploads\/2018\/05\/icon-products-media-logo.png\",\"contentUrl\":\"https:\/\/iconproducts.com\/media\/wp-content\/uploads\/2018\/05\/icon-products-media-logo.png\",\"width\":514,\"height\":208,\"caption\":\"I.C.O.N. Products\"},\"image\":{\"@id\":\"https:\/\/iconproducts.com\/media\/#\/schema\/logo\/image\/\"},\"sameAs\":[\"https:\/\/www.facebook.com\/iconproducts.spain\",\"https:\/\/www.instagram.com\/iconspain\/\",\"https:\/\/www.youtube.com\/user\/ICONproduct\"]},{\"@type\":\"Person\",\"@id\":\"https:\/\/iconproducts.com\/media\/#\/schema\/person\/75881eb926f51b099b8e19ceb0f0b83a\",\"name\":\"I.C.O.N. Products\",\"image\":{\"@type\":\"ImageObject\",\"inLanguage\":\"es\",\"@id\":\"https:\/\/iconproducts.com\/media\/#\/schema\/person\/image\/\",\"url\":\"https:\/\/secure.gravatar.com\/avatar\/1240abed26914ffb6a605f324ccff87f?s=96&d=mm&r=g\",\"contentUrl\":\"https:\/\/secure.gravatar.com\/avatar\/1240abed26914ffb6a605f324ccff87f?s=96&d=mm&r=g\",\"caption\":\"I.C.O.N. Products\"},\"description\":\"Todas las novedades de los productos I.C.O.N. en los medios de comunicaci\u00f3n.\",\"sameAs\":[\"http:\/\/www.iconproducts.com\"],\"url\":\"https:\/\/iconproducts.com\/media\/author\/i-c-o-n-media\/\"}]}<\/script>\n<!-- \/ Yoast SEO plugin. -->","yoast_head_json":{"title":"Un look para este verano | I.C.O.N. Media","robots":{"index":"index","follow":"follow","max-snippet":"max-snippet:-1","max-image-preview":"max-image-preview:large","max-video-preview":"max-video-preview:-1"},"canonical":"https:\/\/iconproducts.com\/media\/un-look-para-este-verano\/","twitter_card":"summary_large_image","twitter_title":"Un look para este verano | I.C.O.N. Media","twitter_description":"I.C.O.N. Products marca tendencia Ahora que por fin ya podemos ver los primeros rayos de sol y notar el calor de los t\u00edpicos d\u00edas de verano, nos vamos fijando en las tendencias de moda para esta temporada. En la editorial de moda del \u00faltimo n\u00famero de la revista semanal Mujer Hoy, nos ense\u00f1an las tendencias...","twitter_image":"https:\/\/iconproducts.com\/media\/wp-content\/uploads\/2018\/06\/portada-mujer-hoy.jpg","twitter_misc":{"Escrito por":"I.C.O.N. Products","Tiempo de lectura":"1 minuto"},"schema":{"@context":"https:\/\/schema.org","@graph":[{"@type":"Article","@id":"https:\/\/iconproducts.com\/media\/un-look-para-este-verano\/#article","isPartOf":{"@id":"https:\/\/iconproducts.com\/media\/un-look-para-este-verano\/"},"author":{"name":"I.C.O.N. Products","@id":"https:\/\/iconproducts.com\/media\/#\/schema\/person\/75881eb926f51b099b8e19ceb0f0b83a"},"headline":"Un look para este verano","datePublished":"2018-06-14T08:42:33+00:00","dateModified":"2019-12-17T10:49:01+00:00","mainEntityOfPage":{"@id":"https:\/\/iconproducts.com\/media\/un-look-para-este-verano\/"},"wordCount":192,"commentCount":0,"publisher":{"@id":"https:\/\/iconproducts.com\/media\/#organization"},"image":{"@id":"https:\/\/iconproducts.com\/media\/un-look-para-este-verano\/#primaryimage"},"thumbnailUrl":"https:\/\/iconproducts.com\/media\/wp-content\/uploads\/2018\/06\/portada-mujer-hoy.jpg","articleSection":["Moda"],"inLanguage":"es","potentialAction":[{"@type":"CommentAction","name":"Comment","target":["https:\/\/iconproducts.com\/media\/un-look-para-este-verano\/#respond"]}]},{"@type":"WebPage","@id":"https:\/\/iconproducts.com\/media\/un-look-para-este-verano\/","url":"https:\/\/iconproducts.com\/media\/un-look-para-este-verano\/","name":"Un look para este verano | I.C.O.N. Media","isPartOf":{"@id":"https:\/\/iconproducts.com\/media\/#website"},"primaryImageOfPage":{"@id":"https:\/\/iconproducts.com\/media\/un-look-para-este-verano\/#primaryimage"},"image":{"@id":"https:\/\/iconproducts.com\/media\/un-look-para-este-verano\/#primaryimage"},"thumbnailUrl":"https:\/\/iconproducts.com\/media\/wp-content\/uploads\/2018\/06\/portada-mujer-hoy.jpg","datePublished":"2018-06-14T08:42:33+00:00","dateModified":"2019-12-17T10:49:01+00:00","breadcrumb":{"@id":"https:\/\/iconproducts.com\/media\/un-look-para-este-verano\/#breadcrumb"},"inLanguage":"es","potentialAction":[{"@type":"ReadAction","target":["https:\/\/iconproducts.com\/media\/un-look-para-este-verano\/"]}]},{"@type":"ImageObject","inLanguage":"es","@id":"https:\/\/iconproducts.com\/media\/un-look-para-este-verano\/#primaryimage","url":"https:\/\/iconproducts.com\/media\/wp-content\/uploads\/2018\/06\/portada-mujer-hoy.jpg","contentUrl":"https:\/\/iconproducts.com\/media\/wp-content\/uploads\/2018\/06\/portada-mujer-hoy.jpg","width":1920,"height":1080},{"@type":"BreadcrumbList","@id":"https:\/\/iconproducts.com\/media\/un-look-para-este-verano\/#breadcrumb","itemListElement":[{"@type":"ListItem","position":1,"name":"I.C.O.N. Media","item":"https:\/\/iconproducts.com\/media\/"},{"@type":"ListItem","position":2,"name":"Un look para este verano"}]},{"@type":"WebSite","@id":"https:\/\/iconproducts.com\/media\/#website","url":"https:\/\/iconproducts.com\/media\/","name":"I.C.O.N. Media","description":" Todas las novedades de los productos I.C.O.N. en los medios de comunicaci\u00f3n ","publisher":{"@id":"https:\/\/iconproducts.com\/media\/#organization"},"potentialAction":[{"@type":"SearchAction","target":{"@type":"EntryPoint","urlTemplate":"https:\/\/iconproducts.com\/media\/?s={search_term_string}"},"query-input":{"@type":"PropertyValueSpecification","valueRequired":true,"valueName":"search_term_string"}}],"inLanguage":"es"},{"@type":"Organization","@id":"https:\/\/iconproducts.com\/media\/#organization","name":"I.C.O.N. Products","url":"https:\/\/iconproducts.com\/media\/","logo":{"@type":"ImageObject","inLanguage":"es","@id":"https:\/\/iconproducts.com\/media\/#\/schema\/logo\/image\/","url":"https:\/\/iconproducts.com\/media\/wp-content\/uploads\/2018\/05\/icon-products-media-logo.png","contentUrl":"https:\/\/iconproducts.com\/media\/wp-content\/uploads\/2018\/05\/icon-products-media-logo.png","width":514,"height":208,"caption":"I.C.O.N. Products"},"image":{"@id":"https:\/\/iconproducts.com\/media\/#\/schema\/logo\/image\/"},"sameAs":["https:\/\/www.facebook.com\/iconproducts.spain","https:\/\/www.instagram.com\/iconspain\/","https:\/\/www.youtube.com\/user\/ICONproduct"]},{"@type":"Person","@id":"https:\/\/iconproducts.com\/media\/#\/schema\/person\/75881eb926f51b099b8e19ceb0f0b83a","name":"I.C.O.N. Products","image":{"@type":"ImageObject","inLanguage":"es","@id":"https:\/\/iconproducts.com\/media\/#\/schema\/person\/image\/","url":"https:\/\/secure.gravatar.com\/avatar\/1240abed26914ffb6a605f324ccff87f?s=96&d=mm&r=g","contentUrl":"https:\/\/secure.gravatar.com\/avatar\/1240abed26914ffb6a605f324ccff87f?s=96&d=mm&r=g","caption":"I.C.O.N. Products"},"description":"Todas las novedades de los productos I.C.O.N. en los medios de comunicaci\u00f3n.","sameAs":["http:\/\/www.iconproducts.com"],"url":"https:\/\/iconproducts.com\/media\/author\/i-c-o-n-media\/"}]}},"_links":{"self":[{"href":"https:\/\/iconproducts.com\/media\/wp-json\/wp\/v2\/posts\/5259","targetHints":{"allow":["GET"]}}],"collection":[{"href":"https:\/\/iconproducts.com\/media\/wp-json\/wp\/v2\/posts"}],"about":[{"href":"https:\/\/iconproducts.com\/media\/wp-json\/wp\/v2\/types\/post"}],"author":[{"embeddable":true,"href":"https:\/\/iconproducts.com\/media\/wp-json\/wp\/v2\/users\/11"}],"replies":[{"embeddable":true,"href":"https:\/\/iconproducts.com\/media\/wp-json\/wp\/v2\/comments?post=5259"}],"version-history":[{"count":10,"href":"https:\/\/iconproducts.com\/media\/wp-json\/wp\/v2\/posts\/5259\/revisions"}],"predecessor-version":[{"id":7194,"href":"https:\/\/iconproducts.com\/media\/wp-json\/wp\/v2\/posts\/5259\/revisions\/7194"}],"wp:featuredmedia":[{"embeddable":true,"href":"https:\/\/iconproducts.com\/media\/wp-json\/wp\/v2\/media\/5271"}],"wp:attachment":[{"href":"https:\/\/iconproducts.com\/media\/wp-json\/wp\/v2\/media?parent=5259"}],"wp:term":[{"taxonomy":"category","embeddable":true,"href":"https:\/\/iconproducts.com\/media\/wp-json\/wp\/v2\/categories?post=5259"},{"taxonomy":"post_tag","embeddable":true,"href":"https:\/\/iconproducts.com\/media\/wp-json\/wp\/v2\/tags?post=5259"}],"curies":[{"name":"wp","href":"https:\/\/api.w.org\/{rel}","templated":true}]}}