{"id":5312,"date":"2018-06-21T08:41:01","date_gmt":"2018-06-21T08:41:01","guid":{"rendered":"https:\/\/iconproducts.com\/media\/?p=5312"},"modified":"2019-12-17T10:47:53","modified_gmt":"2019-12-17T10:47:53","slug":"empieza-a-cuidar-tu-cabello","status":"publish","type":"post","link":"https:\/\/iconproducts.com\/media\/empieza-a-cuidar-tu-cabello\/","title":{"rendered":"Empieza a cuidar tu cabello"},"content":{"rendered":"<h3>No dejes para despu\u00e9s del verano lo que puedes hacer durante el verano<\/h3>\n<p>En el \u00faltimo n\u00famero de <strong>Hola Fashion<\/strong> declaran oficialmente iniciada la <strong>Operaci\u00f3n Salvar Melena<\/strong>. Nos dan las claves para proteger nuestro cabello del sol, el salitre de los d\u00edas de playa o el cloro si lo que preferimos es la piscina. Entre sus favoritos <strong>INDIA OIL<\/strong>, para nutrir \u00a0y enriquecer tu cabello tras pasar un d\u00eda completo de sol y playa.<\/p>\n<p><a href=\"https:\/\/iconproducts.com\/es\/busca-tu-salon\/\/\" target=\"_blank\" rel=\"noopener noreferrer\"><strong>BUSCA TU SAL\u00d3N<\/strong><\/a><\/p>\n","protected":false},"excerpt":{"rendered":"<p>No dejes para despu\u00e9s del verano lo que puedes hacer durante el verano En el \u00faltimo n\u00famero de Hola Fashion declaran oficialmente iniciada la Operaci\u00f3n Salvar Melena. Nos dan las claves para proteger nuestro cabello del sol, el salitre de los d\u00edas de playa o el cloro si lo que preferimos es la piscina. Entre&#8230;<\/p>\n","protected":false},"author":11,"featured_media":5313,"comment_status":"open","ping_status":"open","sticky":false,"template":"","format":"image","meta":{"_monsterinsights_skip_tracking":false,"_monsterinsights_sitenote_active":false,"_monsterinsights_sitenote_note":"","_monsterinsights_sitenote_category":0,"footnotes":""},"categories":[91],"tags":[],"class_list":["post-5312","post","type-post","status-publish","format-image","has-post-thumbnail","hentry","category-menciones","post_format-post-format-image"],"yoast_head":"<!-- This site is optimized with the Yoast SEO plugin v24.2 - https:\/\/yoast.com\/wordpress\/plugins\/seo\/ -->\n<title>Empieza a cuidar tu cabello | I.C.O.N. Media<\/title>\n<meta name=\"robots\" content=\"index, follow, max-snippet:-1, max-image-preview:large, max-video-preview:-1\" \/>\n<link rel=\"canonical\" href=\"https:\/\/iconproducts.com\/media\/empieza-a-cuidar-tu-cabello\/\" \/>\n<meta name=\"twitter:card\" content=\"summary_large_image\" \/>\n<meta name=\"twitter:title\" content=\"Empieza a cuidar tu cabello | I.C.O.N. Media\" \/>\n<meta name=\"twitter:description\" content=\"No dejes para despu\u00e9s del verano lo que puedes hacer durante el verano En el \u00faltimo n\u00famero de Hola Fashion declaran oficialmente iniciada la Operaci\u00f3n Salvar Melena. Nos dan las claves para proteger nuestro cabello del sol, el salitre de los d\u00edas de playa o el cloro si lo que preferimos es la piscina. Entre...\" \/>\n<meta name=\"twitter:image\" content=\"https:\/\/iconproducts.com\/media\/wp-content\/uploads\/2018\/06\/fashion-01-icon-media.jpg\" \/>\n<meta name=\"twitter:label1\" content=\"Escrito por\" \/>\n\t<meta name=\"twitter:data1\" content=\"I.C.O.N. Products\" \/>\n<script type=\"application\/ld+json\" class=\"yoast-schema-graph\">{\"@context\":\"https:\/\/schema.org\",\"@graph\":[{\"@type\":\"Article\",\"@id\":\"https:\/\/iconproducts.com\/media\/empieza-a-cuidar-tu-cabello\/#article\",\"isPartOf\":{\"@id\":\"https:\/\/iconproducts.com\/media\/empieza-a-cuidar-tu-cabello\/\"},\"author\":{\"name\":\"I.C.O.N. Products\",\"@id\":\"https:\/\/iconproducts.com\/media\/#\/schema\/person\/75881eb926f51b099b8e19ceb0f0b83a\"},\"headline\":\"Empieza a cuidar tu cabello\",\"datePublished\":\"2018-06-21T08:41:01+00:00\",\"dateModified\":\"2019-12-17T10:47:53+00:00\",\"mainEntityOfPage\":{\"@id\":\"https:\/\/iconproducts.com\/media\/empieza-a-cuidar-tu-cabello\/\"},\"wordCount\":88,\"commentCount\":0,\"publisher\":{\"@id\":\"https:\/\/iconproducts.com\/media\/#organization\"},\"image\":{\"@id\":\"https:\/\/iconproducts.com\/media\/empieza-a-cuidar-tu-cabello\/#primaryimage\"},\"thumbnailUrl\":\"https:\/\/iconproducts.com\/media\/wp-content\/uploads\/2018\/06\/fashion-01-icon-media.jpg\",\"articleSection\":[\"Menciones\"],\"inLanguage\":\"es\",\"potentialAction\":[{\"@type\":\"CommentAction\",\"name\":\"Comment\",\"target\":[\"https:\/\/iconproducts.com\/media\/empieza-a-cuidar-tu-cabello\/#respond\"]}]},{\"@type\":\"WebPage\",\"@id\":\"https:\/\/iconproducts.com\/media\/empieza-a-cuidar-tu-cabello\/\",\"url\":\"https:\/\/iconproducts.com\/media\/empieza-a-cuidar-tu-cabello\/\",\"name\":\"Empieza a cuidar tu cabello | I.C.O.N. Media\",\"isPartOf\":{\"@id\":\"https:\/\/iconproducts.com\/media\/#website\"},\"primaryImageOfPage\":{\"@id\":\"https:\/\/iconproducts.com\/media\/empieza-a-cuidar-tu-cabello\/#primaryimage\"},\"image\":{\"@id\":\"https:\/\/iconproducts.com\/media\/empieza-a-cuidar-tu-cabello\/#primaryimage\"},\"thumbnailUrl\":\"https:\/\/iconproducts.com\/media\/wp-content\/uploads\/2018\/06\/fashion-01-icon-media.jpg\",\"datePublished\":\"2018-06-21T08:41:01+00:00\",\"dateModified\":\"2019-12-17T10:47:53+00:00\",\"breadcrumb\":{\"@id\":\"https:\/\/iconproducts.com\/media\/empieza-a-cuidar-tu-cabello\/#breadcrumb\"},\"inLanguage\":\"es\",\"potentialAction\":[{\"@type\":\"ReadAction\",\"target\":[\"https:\/\/iconproducts.com\/media\/empieza-a-cuidar-tu-cabello\/\"]}]},{\"@type\":\"ImageObject\",\"inLanguage\":\"es\",\"@id\":\"https:\/\/iconproducts.com\/media\/empieza-a-cuidar-tu-cabello\/#primaryimage\",\"url\":\"https:\/\/iconproducts.com\/media\/wp-content\/uploads\/2018\/06\/fashion-01-icon-media.jpg\",\"contentUrl\":\"https:\/\/iconproducts.com\/media\/wp-content\/uploads\/2018\/06\/fashion-01-icon-media.jpg\",\"width\":1920,\"height\":1080},{\"@type\":\"BreadcrumbList\",\"@id\":\"https:\/\/iconproducts.com\/media\/empieza-a-cuidar-tu-cabello\/#breadcrumb\",\"itemListElement\":[{\"@type\":\"ListItem\",\"position\":1,\"name\":\"I.C.O.N. Media\",\"item\":\"https:\/\/iconproducts.com\/media\/\"},{\"@type\":\"ListItem\",\"position\":2,\"name\":\"Empieza a cuidar tu cabello\"}]},{\"@type\":\"WebSite\",\"@id\":\"https:\/\/iconproducts.com\/media\/#website\",\"url\":\"https:\/\/iconproducts.com\/media\/\",\"name\":\"I.C.O.N. Media\",\"description\":\" Todas las novedades de los productos I.C.O.N. en los medios de comunicaci\u00f3n \",\"publisher\":{\"@id\":\"https:\/\/iconproducts.com\/media\/#organization\"},\"potentialAction\":[{\"@type\":\"SearchAction\",\"target\":{\"@type\":\"EntryPoint\",\"urlTemplate\":\"https:\/\/iconproducts.com\/media\/?s={search_term_string}\"},\"query-input\":{\"@type\":\"PropertyValueSpecification\",\"valueRequired\":true,\"valueName\":\"search_term_string\"}}],\"inLanguage\":\"es\"},{\"@type\":\"Organization\",\"@id\":\"https:\/\/iconproducts.com\/media\/#organization\",\"name\":\"I.C.O.N. Products\",\"url\":\"https:\/\/iconproducts.com\/media\/\",\"logo\":{\"@type\":\"ImageObject\",\"inLanguage\":\"es\",\"@id\":\"https:\/\/iconproducts.com\/media\/#\/schema\/logo\/image\/\",\"url\":\"https:\/\/iconproducts.com\/media\/wp-content\/uploads\/2018\/05\/icon-products-media-logo.png\",\"contentUrl\":\"https:\/\/iconproducts.com\/media\/wp-content\/uploads\/2018\/05\/icon-products-media-logo.png\",\"width\":514,\"height\":208,\"caption\":\"I.C.O.N. Products\"},\"image\":{\"@id\":\"https:\/\/iconproducts.com\/media\/#\/schema\/logo\/image\/\"},\"sameAs\":[\"https:\/\/www.facebook.com\/iconproducts.spain\",\"https:\/\/www.instagram.com\/iconspain\/\",\"https:\/\/www.youtube.com\/user\/ICONproduct\"]},{\"@type\":\"Person\",\"@id\":\"https:\/\/iconproducts.com\/media\/#\/schema\/person\/75881eb926f51b099b8e19ceb0f0b83a\",\"name\":\"I.C.O.N. Products\",\"image\":{\"@type\":\"ImageObject\",\"inLanguage\":\"es\",\"@id\":\"https:\/\/iconproducts.com\/media\/#\/schema\/person\/image\/\",\"url\":\"https:\/\/secure.gravatar.com\/avatar\/1240abed26914ffb6a605f324ccff87f?s=96&d=mm&r=g\",\"contentUrl\":\"https:\/\/secure.gravatar.com\/avatar\/1240abed26914ffb6a605f324ccff87f?s=96&d=mm&r=g\",\"caption\":\"I.C.O.N. Products\"},\"description\":\"Todas las novedades de los productos I.C.O.N. en los medios de comunicaci\u00f3n.\",\"sameAs\":[\"http:\/\/www.iconproducts.com\"],\"url\":\"https:\/\/iconproducts.com\/media\/author\/i-c-o-n-media\/\"}]}<\/script>\n<!-- \/ Yoast SEO plugin. -->","yoast_head_json":{"title":"Empieza a cuidar tu cabello | I.C.O.N. Media","robots":{"index":"index","follow":"follow","max-snippet":"max-snippet:-1","max-image-preview":"max-image-preview:large","max-video-preview":"max-video-preview:-1"},"canonical":"https:\/\/iconproducts.com\/media\/empieza-a-cuidar-tu-cabello\/","twitter_card":"summary_large_image","twitter_title":"Empieza a cuidar tu cabello | I.C.O.N. Media","twitter_description":"No dejes para despu\u00e9s del verano lo que puedes hacer durante el verano En el \u00faltimo n\u00famero de Hola Fashion declaran oficialmente iniciada la Operaci\u00f3n Salvar Melena. Nos dan las claves para proteger nuestro cabello del sol, el salitre de los d\u00edas de playa o el cloro si lo que preferimos es la piscina. Entre...","twitter_image":"https:\/\/iconproducts.com\/media\/wp-content\/uploads\/2018\/06\/fashion-01-icon-media.jpg","twitter_misc":{"Escrito por":"I.C.O.N. Products"},"schema":{"@context":"https:\/\/schema.org","@graph":[{"@type":"Article","@id":"https:\/\/iconproducts.com\/media\/empieza-a-cuidar-tu-cabello\/#article","isPartOf":{"@id":"https:\/\/iconproducts.com\/media\/empieza-a-cuidar-tu-cabello\/"},"author":{"name":"I.C.O.N. Products","@id":"https:\/\/iconproducts.com\/media\/#\/schema\/person\/75881eb926f51b099b8e19ceb0f0b83a"},"headline":"Empieza a cuidar tu cabello","datePublished":"2018-06-21T08:41:01+00:00","dateModified":"2019-12-17T10:47:53+00:00","mainEntityOfPage":{"@id":"https:\/\/iconproducts.com\/media\/empieza-a-cuidar-tu-cabello\/"},"wordCount":88,"commentCount":0,"publisher":{"@id":"https:\/\/iconproducts.com\/media\/#organization"},"image":{"@id":"https:\/\/iconproducts.com\/media\/empieza-a-cuidar-tu-cabello\/#primaryimage"},"thumbnailUrl":"https:\/\/iconproducts.com\/media\/wp-content\/uploads\/2018\/06\/fashion-01-icon-media.jpg","articleSection":["Menciones"],"inLanguage":"es","potentialAction":[{"@type":"CommentAction","name":"Comment","target":["https:\/\/iconproducts.com\/media\/empieza-a-cuidar-tu-cabello\/#respond"]}]},{"@type":"WebPage","@id":"https:\/\/iconproducts.com\/media\/empieza-a-cuidar-tu-cabello\/","url":"https:\/\/iconproducts.com\/media\/empieza-a-cuidar-tu-cabello\/","name":"Empieza a cuidar tu cabello | I.C.O.N. Media","isPartOf":{"@id":"https:\/\/iconproducts.com\/media\/#website"},"primaryImageOfPage":{"@id":"https:\/\/iconproducts.com\/media\/empieza-a-cuidar-tu-cabello\/#primaryimage"},"image":{"@id":"https:\/\/iconproducts.com\/media\/empieza-a-cuidar-tu-cabello\/#primaryimage"},"thumbnailUrl":"https:\/\/iconproducts.com\/media\/wp-content\/uploads\/2018\/06\/fashion-01-icon-media.jpg","datePublished":"2018-06-21T08:41:01+00:00","dateModified":"2019-12-17T10:47:53+00:00","breadcrumb":{"@id":"https:\/\/iconproducts.com\/media\/empieza-a-cuidar-tu-cabello\/#breadcrumb"},"inLanguage":"es","potentialAction":[{"@type":"ReadAction","target":["https:\/\/iconproducts.com\/media\/empieza-a-cuidar-tu-cabello\/"]}]},{"@type":"ImageObject","inLanguage":"es","@id":"https:\/\/iconproducts.com\/media\/empieza-a-cuidar-tu-cabello\/#primaryimage","url":"https:\/\/iconproducts.com\/media\/wp-content\/uploads\/2018\/06\/fashion-01-icon-media.jpg","contentUrl":"https:\/\/iconproducts.com\/media\/wp-content\/uploads\/2018\/06\/fashion-01-icon-media.jpg","width":1920,"height":1080},{"@type":"BreadcrumbList","@id":"https:\/\/iconproducts.com\/media\/empieza-a-cuidar-tu-cabello\/#breadcrumb","itemListElement":[{"@type":"ListItem","position":1,"name":"I.C.O.N. Media","item":"https:\/\/iconproducts.com\/media\/"},{"@type":"ListItem","position":2,"name":"Empieza a cuidar tu cabello"}]},{"@type":"WebSite","@id":"https:\/\/iconproducts.com\/media\/#website","url":"https:\/\/iconproducts.com\/media\/","name":"I.C.O.N. Media","description":" Todas las novedades de los productos I.C.O.N. en los medios de comunicaci\u00f3n ","publisher":{"@id":"https:\/\/iconproducts.com\/media\/#organization"},"potentialAction":[{"@type":"SearchAction","target":{"@type":"EntryPoint","urlTemplate":"https:\/\/iconproducts.com\/media\/?s={search_term_string}"},"query-input":{"@type":"PropertyValueSpecification","valueRequired":true,"valueName":"search_term_string"}}],"inLanguage":"es"},{"@type":"Organization","@id":"https:\/\/iconproducts.com\/media\/#organization","name":"I.C.O.N. Products","url":"https:\/\/iconproducts.com\/media\/","logo":{"@type":"ImageObject","inLanguage":"es","@id":"https:\/\/iconproducts.com\/media\/#\/schema\/logo\/image\/","url":"https:\/\/iconproducts.com\/media\/wp-content\/uploads\/2018\/05\/icon-products-media-logo.png","contentUrl":"https:\/\/iconproducts.com\/media\/wp-content\/uploads\/2018\/05\/icon-products-media-logo.png","width":514,"height":208,"caption":"I.C.O.N. Products"},"image":{"@id":"https:\/\/iconproducts.com\/media\/#\/schema\/logo\/image\/"},"sameAs":["https:\/\/www.facebook.com\/iconproducts.spain","https:\/\/www.instagram.com\/iconspain\/","https:\/\/www.youtube.com\/user\/ICONproduct"]},{"@type":"Person","@id":"https:\/\/iconproducts.com\/media\/#\/schema\/person\/75881eb926f51b099b8e19ceb0f0b83a","name":"I.C.O.N. Products","image":{"@type":"ImageObject","inLanguage":"es","@id":"https:\/\/iconproducts.com\/media\/#\/schema\/person\/image\/","url":"https:\/\/secure.gravatar.com\/avatar\/1240abed26914ffb6a605f324ccff87f?s=96&d=mm&r=g","contentUrl":"https:\/\/secure.gravatar.com\/avatar\/1240abed26914ffb6a605f324ccff87f?s=96&d=mm&r=g","caption":"I.C.O.N. Products"},"description":"Todas las novedades de los productos I.C.O.N. en los medios de comunicaci\u00f3n.","sameAs":["http:\/\/www.iconproducts.com"],"url":"https:\/\/iconproducts.com\/media\/author\/i-c-o-n-media\/"}]}},"_links":{"self":[{"href":"https:\/\/iconproducts.com\/media\/wp-json\/wp\/v2\/posts\/5312","targetHints":{"allow":["GET"]}}],"collection":[{"href":"https:\/\/iconproducts.com\/media\/wp-json\/wp\/v2\/posts"}],"about":[{"href":"https:\/\/iconproducts.com\/media\/wp-json\/wp\/v2\/types\/post"}],"author":[{"embeddable":true,"href":"https:\/\/iconproducts.com\/media\/wp-json\/wp\/v2\/users\/11"}],"replies":[{"embeddable":true,"href":"https:\/\/iconproducts.com\/media\/wp-json\/wp\/v2\/comments?post=5312"}],"version-history":[{"count":3,"href":"https:\/\/iconproducts.com\/media\/wp-json\/wp\/v2\/posts\/5312\/revisions"}],"predecessor-version":[{"id":7191,"href":"https:\/\/iconproducts.com\/media\/wp-json\/wp\/v2\/posts\/5312\/revisions\/7191"}],"wp:featuredmedia":[{"embeddable":true,"href":"https:\/\/iconproducts.com\/media\/wp-json\/wp\/v2\/media\/5313"}],"wp:attachment":[{"href":"https:\/\/iconproducts.com\/media\/wp-json\/wp\/v2\/media?parent=5312"}],"wp:term":[{"taxonomy":"category","embeddable":true,"href":"https:\/\/iconproducts.com\/media\/wp-json\/wp\/v2\/categories?post=5312"},{"taxonomy":"post_tag","embeddable":true,"href":"https:\/\/iconproducts.com\/media\/wp-json\/wp\/v2\/tags?post=5312"}],"curies":[{"name":"wp","href":"https:\/\/api.w.org\/{rel}","templated":true}]}}