{"id":9120,"date":"2021-06-23T10:28:23","date_gmt":"2021-06-23T10:28:23","guid":{"rendered":"https:\/\/iconproducts.com\/media\/?p=9120"},"modified":"2021-06-23T10:34:07","modified_gmt":"2021-06-23T10:34:07","slug":"como-cuidar-el-pelo-seco-y-sin-vida-en-verano","status":"publish","type":"post","link":"https:\/\/iconproducts.com\/media\/como-cuidar-el-pelo-seco-y-sin-vida-en-verano\/","title":{"rendered":"C\u00f3mo cuidar el pelo seco y sin vida en verano"},"content":{"rendered":"<p>[vc_row content_placement=\u00bbtop\u00bb css=\u00bb.vc_custom_1599507766000{margin-top: 0px !important;margin-right: 0px !important;margin-bottom: 0px !important;margin-left: 0px !important;border-top-width: 1px !important;border-right-width: 0px !important;border-bottom-width: 0px !important;border-left-width: 0px !important;padding-top: 0px !important;padding-right: 0px !important;padding-bottom: 0px !important;padding-left: 0px !important;border-left-color: #a8a8a8 !important;border-left-style: solid !important;border-right-color: #a8a8a8 !important;border-right-style: solid !important;border-top-color: #a8a8a8 !important;border-top-style: solid !important;border-bottom-color: #a8a8a8 !important;border-bottom-style: solid !important;}\u00bb][vc_column css=\u00bb.vc_custom_1599507456585{padding-top: 0px !important;padding-bottom: 0px !important;}\u00bb][vc_column_text]<\/p>\n<h5 style=\"text-align: center;\"><span style=\"color: #000000;\">@voguespain \u00b7 @paulamk88 \u00b7 #iconmedia<\/span><\/h5>\n<p style=\"text-align: center;\"><span style=\"color: #000000;\">Un cabello deshidratado necesita mucho cuidado, todav\u00eda est\u00e1s a tiempo de devolverle su bienestar sin que llegue a mostrar da\u00f1os m\u00e1s profundos. En el momento que notamos que nuestro cabello necesita hidrataci\u00f3n debemos tratarlo para evitar rotura. La clave para lograr mantener la hidrataci\u00f3n adecuada empieza por usar <b><a style=\"color: #000000;\" title=\"Drench\" href=\"https:\/\/iconproducts.com\/es\/regimedies\/champus\/drench\/\" data-linkto=\"https:\/\/\" data-cke-saved-href=\"https:\/\/iconproducts.com\/es\/regimedies\/champus\/drench\/\">Drench<\/a><\/b>, un champ\u00fa especial para cabellos secos, quebradizos y tratados qu\u00edmicamente. Calma la cut\u00edcula y la hidrata proporcionando brillo a la melena. Puedes continuar una rutina de cuidado incorporando <b><a style=\"color: #000000;\" title=\"Free\" href=\"https:\/\/iconproducts.com\/es\/regimedies\/acondicionadores\/free\/\" data-linkto=\"https:\/\/\" data-cke-saved-href=\"https:\/\/iconproducts.com\/es\/regimedies\/acondicionadores\/free\/\">Free<\/a><\/b>, acondicionador, e <b><a style=\"color: #000000;\" title=\"Inner Home\" href=\"https:\/\/iconproducts.com\/es\/regimedies\/tratamientos\/inner-home\/\" data-linkto=\"https:\/\/\" data-cke-saved-href=\"https:\/\/iconproducts.com\/es\/regimedies\/tratamientos\/inner-home\/\">Inner Home<\/a><\/b>, tratamiento, todo de la linea Hydration de I.C.O.N.<\/span><\/p>\n<h5 style=\"text-align: center;\"><a href=\"http:\/\/www.vogue.es\/belleza\/articulos\/pelo-seco-causas-como-hidratar-cabello?uID=ece79ab3f79a53fc769872b9bb401bd9b5ca48a3bae949a0d5f62fd790c785be&amp;utm_source=newsletter&amp;utm_campaign=newsletter_editorial&amp;utm_brand=vogue-es&amp;utm_mailing=VG_NEWS_EDITORIAL_200621&amp;utm_medium=email&amp;utm_term=VOGUE_EDITORIAL\"><span style=\"color: #000000;\">LEER ART\u00cdCULO EN VOGUE.ES<\/span><\/a><\/h5>\n<p style=\"text-align: center;\"><span style=\"color: #999999;\"><i>\ud83d\udc49@iconspain\u00a0 \ud83d\udc49@iconproducts<br \/>\n#hidratacion #hydration #summer #verano #cabellosano\u00a0<\/i><\/span><\/p>\n<p>[\/vc_column_text][\/vc_column][\/vc_row][vc_row][vc_column][\/vc_column][\/vc_row]<\/p>\n","protected":false},"excerpt":{"rendered":"<p>[vc_row content_placement=\u00bbtop\u00bb css=\u00bb.vc_custom_1599507766000{margin-top: 0px !important;margin-right: 0px !important;margin-bottom: 0px !important;margin-left: 0px !important;border-top-width: 1px !important;border-right-width: 0px !important;border-bottom-width: 0px !important;border-left-width: 0px !important;padding-top: 0px !important;padding-right: 0px !important;padding-bottom: 0px !important;padding-left: 0px !important;border-left-color: #a8a8a8 !important;border-left-style: solid !important;border-right-color: #a8a8a8 !important;border-right-style: solid !important;border-top-color: #a8a8a8 !important;border-top-style: solid !important;border-bottom-color: #a8a8a8 !important;border-bottom-style: solid !important;}\u00bb][vc_column css=\u00bb.vc_custom_1599507456585{padding-top: 0px !important;padding-bottom: 0px !important;}\u00bb][vc_column_text] @voguespain \u00b7 @paulamk88 \u00b7 #iconmedia Un cabello&#8230;<\/p>\n","protected":false},"author":11,"featured_media":9123,"comment_status":"open","ping_status":"open","sticky":false,"template":"","format":"standard","meta":{"_monsterinsights_skip_tracking":false,"_monsterinsights_sitenote_active":false,"_monsterinsights_sitenote_note":"","_monsterinsights_sitenote_category":0,"footnotes":""},"categories":[91],"tags":[],"class_list":["post-9120","post","type-post","status-publish","format-standard","has-post-thumbnail","hentry","category-menciones"],"yoast_head":"<!-- This site is optimized with the Yoast SEO plugin v24.2 - https:\/\/yoast.com\/wordpress\/plugins\/seo\/ -->\n<title>C\u00f3mo cuidar el pelo seco y sin vida en verano | I.C.O.N. Media<\/title>\n<meta name=\"robots\" content=\"index, follow, max-snippet:-1, max-image-preview:large, max-video-preview:-1\" \/>\n<link rel=\"canonical\" href=\"https:\/\/iconproducts.com\/media\/como-cuidar-el-pelo-seco-y-sin-vida-en-verano\/\" \/>\n<meta name=\"twitter:card\" content=\"summary_large_image\" \/>\n<meta name=\"twitter:title\" content=\"C\u00f3mo cuidar el pelo seco y sin vida en verano | I.C.O.N. Media\" \/>\n<meta name=\"twitter:description\" content=\"[vc_row content_placement=\u00bbtop\u00bb css=\u00bb.vc_custom_1599507766000{margin-top: 0px !important;margin-right: 0px !important;margin-bottom: 0px !important;margin-left: 0px !important;border-top-width: 1px !important;border-right-width: 0px !important;border-bottom-width: 0px !important;border-left-width: 0px !important;padding-top: 0px !important;padding-right: 0px !important;padding-bottom: 0px !important;padding-left: 0px !important;border-left-color: #a8a8a8 !important;border-left-style: solid !important;border-right-color: #a8a8a8 !important;border-right-style: solid !important;border-top-color: #a8a8a8 !important;border-top-style: solid !important;border-bottom-color: #a8a8a8 !important;border-bottom-style: solid !important;}\u00bb][vc_column css=\u00bb.vc_custom_1599507456585{padding-top: 0px !important;padding-bottom: 0px !important;}\u00bb][vc_column_text] @voguespain \u00b7 @paulamk88 \u00b7 #iconmedia Un cabello...\" \/>\n<meta name=\"twitter:image\" content=\"https:\/\/iconproducts.com\/media\/wp-content\/uploads\/2021\/06\/News-Vogue-Drench.jpg\" \/>\n<meta name=\"twitter:label1\" content=\"Escrito por\" \/>\n\t<meta name=\"twitter:data1\" content=\"I.C.O.N. Products\" \/>\n\t<meta name=\"twitter:label2\" content=\"Tiempo de lectura\" \/>\n\t<meta name=\"twitter:data2\" content=\"1 minuto\" \/>\n<script type=\"application\/ld+json\" class=\"yoast-schema-graph\">{\"@context\":\"https:\/\/schema.org\",\"@graph\":[{\"@type\":\"Article\",\"@id\":\"https:\/\/iconproducts.com\/media\/como-cuidar-el-pelo-seco-y-sin-vida-en-verano\/#article\",\"isPartOf\":{\"@id\":\"https:\/\/iconproducts.com\/media\/como-cuidar-el-pelo-seco-y-sin-vida-en-verano\/\"},\"author\":{\"name\":\"I.C.O.N. Products\",\"@id\":\"https:\/\/iconproducts.com\/media\/#\/schema\/person\/75881eb926f51b099b8e19ceb0f0b83a\"},\"headline\":\"C\u00f3mo cuidar el pelo seco y sin vida en verano\",\"datePublished\":\"2021-06-23T10:28:23+00:00\",\"dateModified\":\"2021-06-23T10:34:07+00:00\",\"mainEntityOfPage\":{\"@id\":\"https:\/\/iconproducts.com\/media\/como-cuidar-el-pelo-seco-y-sin-vida-en-verano\/\"},\"wordCount\":233,\"commentCount\":0,\"publisher\":{\"@id\":\"https:\/\/iconproducts.com\/media\/#organization\"},\"image\":{\"@id\":\"https:\/\/iconproducts.com\/media\/como-cuidar-el-pelo-seco-y-sin-vida-en-verano\/#primaryimage\"},\"thumbnailUrl\":\"https:\/\/iconproducts.com\/media\/wp-content\/uploads\/2021\/06\/News-Vogue-Drench.jpg\",\"articleSection\":[\"Menciones\"],\"inLanguage\":\"es\",\"potentialAction\":[{\"@type\":\"CommentAction\",\"name\":\"Comment\",\"target\":[\"https:\/\/iconproducts.com\/media\/como-cuidar-el-pelo-seco-y-sin-vida-en-verano\/#respond\"]}]},{\"@type\":\"WebPage\",\"@id\":\"https:\/\/iconproducts.com\/media\/como-cuidar-el-pelo-seco-y-sin-vida-en-verano\/\",\"url\":\"https:\/\/iconproducts.com\/media\/como-cuidar-el-pelo-seco-y-sin-vida-en-verano\/\",\"name\":\"C\u00f3mo cuidar el pelo seco y sin vida en verano | I.C.O.N. Media\",\"isPartOf\":{\"@id\":\"https:\/\/iconproducts.com\/media\/#website\"},\"primaryImageOfPage\":{\"@id\":\"https:\/\/iconproducts.com\/media\/como-cuidar-el-pelo-seco-y-sin-vida-en-verano\/#primaryimage\"},\"image\":{\"@id\":\"https:\/\/iconproducts.com\/media\/como-cuidar-el-pelo-seco-y-sin-vida-en-verano\/#primaryimage\"},\"thumbnailUrl\":\"https:\/\/iconproducts.com\/media\/wp-content\/uploads\/2021\/06\/News-Vogue-Drench.jpg\",\"datePublished\":\"2021-06-23T10:28:23+00:00\",\"dateModified\":\"2021-06-23T10:34:07+00:00\",\"breadcrumb\":{\"@id\":\"https:\/\/iconproducts.com\/media\/como-cuidar-el-pelo-seco-y-sin-vida-en-verano\/#breadcrumb\"},\"inLanguage\":\"es\",\"potentialAction\":[{\"@type\":\"ReadAction\",\"target\":[\"https:\/\/iconproducts.com\/media\/como-cuidar-el-pelo-seco-y-sin-vida-en-verano\/\"]}]},{\"@type\":\"ImageObject\",\"inLanguage\":\"es\",\"@id\":\"https:\/\/iconproducts.com\/media\/como-cuidar-el-pelo-seco-y-sin-vida-en-verano\/#primaryimage\",\"url\":\"https:\/\/iconproducts.com\/media\/wp-content\/uploads\/2021\/06\/News-Vogue-Drench.jpg\",\"contentUrl\":\"https:\/\/iconproducts.com\/media\/wp-content\/uploads\/2021\/06\/News-Vogue-Drench.jpg\",\"width\":1800,\"height\":1800},{\"@type\":\"BreadcrumbList\",\"@id\":\"https:\/\/iconproducts.com\/media\/como-cuidar-el-pelo-seco-y-sin-vida-en-verano\/#breadcrumb\",\"itemListElement\":[{\"@type\":\"ListItem\",\"position\":1,\"name\":\"I.C.O.N. Media\",\"item\":\"https:\/\/iconproducts.com\/media\/\"},{\"@type\":\"ListItem\",\"position\":2,\"name\":\"C\u00f3mo cuidar el pelo seco y sin vida en verano\"}]},{\"@type\":\"WebSite\",\"@id\":\"https:\/\/iconproducts.com\/media\/#website\",\"url\":\"https:\/\/iconproducts.com\/media\/\",\"name\":\"I.C.O.N. Media\",\"description\":\" Todas las novedades de los productos I.C.O.N. en los medios de comunicaci\u00f3n \",\"publisher\":{\"@id\":\"https:\/\/iconproducts.com\/media\/#organization\"},\"potentialAction\":[{\"@type\":\"SearchAction\",\"target\":{\"@type\":\"EntryPoint\",\"urlTemplate\":\"https:\/\/iconproducts.com\/media\/?s={search_term_string}\"},\"query-input\":{\"@type\":\"PropertyValueSpecification\",\"valueRequired\":true,\"valueName\":\"search_term_string\"}}],\"inLanguage\":\"es\"},{\"@type\":\"Organization\",\"@id\":\"https:\/\/iconproducts.com\/media\/#organization\",\"name\":\"I.C.O.N. Products\",\"url\":\"https:\/\/iconproducts.com\/media\/\",\"logo\":{\"@type\":\"ImageObject\",\"inLanguage\":\"es\",\"@id\":\"https:\/\/iconproducts.com\/media\/#\/schema\/logo\/image\/\",\"url\":\"https:\/\/iconproducts.com\/media\/wp-content\/uploads\/2018\/05\/icon-products-media-logo.png\",\"contentUrl\":\"https:\/\/iconproducts.com\/media\/wp-content\/uploads\/2018\/05\/icon-products-media-logo.png\",\"width\":514,\"height\":208,\"caption\":\"I.C.O.N. Products\"},\"image\":{\"@id\":\"https:\/\/iconproducts.com\/media\/#\/schema\/logo\/image\/\"},\"sameAs\":[\"https:\/\/www.facebook.com\/iconproducts.spain\",\"https:\/\/www.instagram.com\/iconspain\/\",\"https:\/\/www.youtube.com\/user\/ICONproduct\"]},{\"@type\":\"Person\",\"@id\":\"https:\/\/iconproducts.com\/media\/#\/schema\/person\/75881eb926f51b099b8e19ceb0f0b83a\",\"name\":\"I.C.O.N. Products\",\"image\":{\"@type\":\"ImageObject\",\"inLanguage\":\"es\",\"@id\":\"https:\/\/iconproducts.com\/media\/#\/schema\/person\/image\/\",\"url\":\"https:\/\/secure.gravatar.com\/avatar\/1240abed26914ffb6a605f324ccff87f?s=96&d=mm&r=g\",\"contentUrl\":\"https:\/\/secure.gravatar.com\/avatar\/1240abed26914ffb6a605f324ccff87f?s=96&d=mm&r=g\",\"caption\":\"I.C.O.N. Products\"},\"description\":\"Todas las novedades de los productos I.C.O.N. en los medios de comunicaci\u00f3n.\",\"sameAs\":[\"http:\/\/www.iconproducts.com\"],\"url\":\"https:\/\/iconproducts.com\/media\/author\/i-c-o-n-media\/\"}]}<\/script>\n<!-- \/ Yoast SEO plugin. -->","yoast_head_json":{"title":"C\u00f3mo cuidar el pelo seco y sin vida en verano | I.C.O.N. Media","robots":{"index":"index","follow":"follow","max-snippet":"max-snippet:-1","max-image-preview":"max-image-preview:large","max-video-preview":"max-video-preview:-1"},"canonical":"https:\/\/iconproducts.com\/media\/como-cuidar-el-pelo-seco-y-sin-vida-en-verano\/","twitter_card":"summary_large_image","twitter_title":"C\u00f3mo cuidar el pelo seco y sin vida en verano | I.C.O.N. Media","twitter_description":"[vc_row content_placement=\u00bbtop\u00bb css=\u00bb.vc_custom_1599507766000{margin-top: 0px !important;margin-right: 0px !important;margin-bottom: 0px !important;margin-left: 0px !important;border-top-width: 1px !important;border-right-width: 0px !important;border-bottom-width: 0px !important;border-left-width: 0px !important;padding-top: 0px !important;padding-right: 0px !important;padding-bottom: 0px !important;padding-left: 0px !important;border-left-color: #a8a8a8 !important;border-left-style: solid !important;border-right-color: #a8a8a8 !important;border-right-style: solid !important;border-top-color: #a8a8a8 !important;border-top-style: solid !important;border-bottom-color: #a8a8a8 !important;border-bottom-style: solid !important;}\u00bb][vc_column css=\u00bb.vc_custom_1599507456585{padding-top: 0px !important;padding-bottom: 0px !important;}\u00bb][vc_column_text] @voguespain \u00b7 @paulamk88 \u00b7 #iconmedia Un cabello...","twitter_image":"https:\/\/iconproducts.com\/media\/wp-content\/uploads\/2021\/06\/News-Vogue-Drench.jpg","twitter_misc":{"Escrito por":"I.C.O.N. Products","Tiempo de lectura":"1 minuto"},"schema":{"@context":"https:\/\/schema.org","@graph":[{"@type":"Article","@id":"https:\/\/iconproducts.com\/media\/como-cuidar-el-pelo-seco-y-sin-vida-en-verano\/#article","isPartOf":{"@id":"https:\/\/iconproducts.com\/media\/como-cuidar-el-pelo-seco-y-sin-vida-en-verano\/"},"author":{"name":"I.C.O.N. Products","@id":"https:\/\/iconproducts.com\/media\/#\/schema\/person\/75881eb926f51b099b8e19ceb0f0b83a"},"headline":"C\u00f3mo cuidar el pelo seco y sin vida en verano","datePublished":"2021-06-23T10:28:23+00:00","dateModified":"2021-06-23T10:34:07+00:00","mainEntityOfPage":{"@id":"https:\/\/iconproducts.com\/media\/como-cuidar-el-pelo-seco-y-sin-vida-en-verano\/"},"wordCount":233,"commentCount":0,"publisher":{"@id":"https:\/\/iconproducts.com\/media\/#organization"},"image":{"@id":"https:\/\/iconproducts.com\/media\/como-cuidar-el-pelo-seco-y-sin-vida-en-verano\/#primaryimage"},"thumbnailUrl":"https:\/\/iconproducts.com\/media\/wp-content\/uploads\/2021\/06\/News-Vogue-Drench.jpg","articleSection":["Menciones"],"inLanguage":"es","potentialAction":[{"@type":"CommentAction","name":"Comment","target":["https:\/\/iconproducts.com\/media\/como-cuidar-el-pelo-seco-y-sin-vida-en-verano\/#respond"]}]},{"@type":"WebPage","@id":"https:\/\/iconproducts.com\/media\/como-cuidar-el-pelo-seco-y-sin-vida-en-verano\/","url":"https:\/\/iconproducts.com\/media\/como-cuidar-el-pelo-seco-y-sin-vida-en-verano\/","name":"C\u00f3mo cuidar el pelo seco y sin vida en verano | I.C.O.N. Media","isPartOf":{"@id":"https:\/\/iconproducts.com\/media\/#website"},"primaryImageOfPage":{"@id":"https:\/\/iconproducts.com\/media\/como-cuidar-el-pelo-seco-y-sin-vida-en-verano\/#primaryimage"},"image":{"@id":"https:\/\/iconproducts.com\/media\/como-cuidar-el-pelo-seco-y-sin-vida-en-verano\/#primaryimage"},"thumbnailUrl":"https:\/\/iconproducts.com\/media\/wp-content\/uploads\/2021\/06\/News-Vogue-Drench.jpg","datePublished":"2021-06-23T10:28:23+00:00","dateModified":"2021-06-23T10:34:07+00:00","breadcrumb":{"@id":"https:\/\/iconproducts.com\/media\/como-cuidar-el-pelo-seco-y-sin-vida-en-verano\/#breadcrumb"},"inLanguage":"es","potentialAction":[{"@type":"ReadAction","target":["https:\/\/iconproducts.com\/media\/como-cuidar-el-pelo-seco-y-sin-vida-en-verano\/"]}]},{"@type":"ImageObject","inLanguage":"es","@id":"https:\/\/iconproducts.com\/media\/como-cuidar-el-pelo-seco-y-sin-vida-en-verano\/#primaryimage","url":"https:\/\/iconproducts.com\/media\/wp-content\/uploads\/2021\/06\/News-Vogue-Drench.jpg","contentUrl":"https:\/\/iconproducts.com\/media\/wp-content\/uploads\/2021\/06\/News-Vogue-Drench.jpg","width":1800,"height":1800},{"@type":"BreadcrumbList","@id":"https:\/\/iconproducts.com\/media\/como-cuidar-el-pelo-seco-y-sin-vida-en-verano\/#breadcrumb","itemListElement":[{"@type":"ListItem","position":1,"name":"I.C.O.N. Media","item":"https:\/\/iconproducts.com\/media\/"},{"@type":"ListItem","position":2,"name":"C\u00f3mo cuidar el pelo seco y sin vida en verano"}]},{"@type":"WebSite","@id":"https:\/\/iconproducts.com\/media\/#website","url":"https:\/\/iconproducts.com\/media\/","name":"I.C.O.N. Media","description":" Todas las novedades de los productos I.C.O.N. en los medios de comunicaci\u00f3n ","publisher":{"@id":"https:\/\/iconproducts.com\/media\/#organization"},"potentialAction":[{"@type":"SearchAction","target":{"@type":"EntryPoint","urlTemplate":"https:\/\/iconproducts.com\/media\/?s={search_term_string}"},"query-input":{"@type":"PropertyValueSpecification","valueRequired":true,"valueName":"search_term_string"}}],"inLanguage":"es"},{"@type":"Organization","@id":"https:\/\/iconproducts.com\/media\/#organization","name":"I.C.O.N. Products","url":"https:\/\/iconproducts.com\/media\/","logo":{"@type":"ImageObject","inLanguage":"es","@id":"https:\/\/iconproducts.com\/media\/#\/schema\/logo\/image\/","url":"https:\/\/iconproducts.com\/media\/wp-content\/uploads\/2018\/05\/icon-products-media-logo.png","contentUrl":"https:\/\/iconproducts.com\/media\/wp-content\/uploads\/2018\/05\/icon-products-media-logo.png","width":514,"height":208,"caption":"I.C.O.N. Products"},"image":{"@id":"https:\/\/iconproducts.com\/media\/#\/schema\/logo\/image\/"},"sameAs":["https:\/\/www.facebook.com\/iconproducts.spain","https:\/\/www.instagram.com\/iconspain\/","https:\/\/www.youtube.com\/user\/ICONproduct"]},{"@type":"Person","@id":"https:\/\/iconproducts.com\/media\/#\/schema\/person\/75881eb926f51b099b8e19ceb0f0b83a","name":"I.C.O.N. Products","image":{"@type":"ImageObject","inLanguage":"es","@id":"https:\/\/iconproducts.com\/media\/#\/schema\/person\/image\/","url":"https:\/\/secure.gravatar.com\/avatar\/1240abed26914ffb6a605f324ccff87f?s=96&d=mm&r=g","contentUrl":"https:\/\/secure.gravatar.com\/avatar\/1240abed26914ffb6a605f324ccff87f?s=96&d=mm&r=g","caption":"I.C.O.N. Products"},"description":"Todas las novedades de los productos I.C.O.N. en los medios de comunicaci\u00f3n.","sameAs":["http:\/\/www.iconproducts.com"],"url":"https:\/\/iconproducts.com\/media\/author\/i-c-o-n-media\/"}]}},"_links":{"self":[{"href":"https:\/\/iconproducts.com\/media\/wp-json\/wp\/v2\/posts\/9120","targetHints":{"allow":["GET"]}}],"collection":[{"href":"https:\/\/iconproducts.com\/media\/wp-json\/wp\/v2\/posts"}],"about":[{"href":"https:\/\/iconproducts.com\/media\/wp-json\/wp\/v2\/types\/post"}],"author":[{"embeddable":true,"href":"https:\/\/iconproducts.com\/media\/wp-json\/wp\/v2\/users\/11"}],"replies":[{"embeddable":true,"href":"https:\/\/iconproducts.com\/media\/wp-json\/wp\/v2\/comments?post=9120"}],"version-history":[{"count":3,"href":"https:\/\/iconproducts.com\/media\/wp-json\/wp\/v2\/posts\/9120\/revisions"}],"predecessor-version":[{"id":9124,"href":"https:\/\/iconproducts.com\/media\/wp-json\/wp\/v2\/posts\/9120\/revisions\/9124"}],"wp:featuredmedia":[{"embeddable":true,"href":"https:\/\/iconproducts.com\/media\/wp-json\/wp\/v2\/media\/9123"}],"wp:attachment":[{"href":"https:\/\/iconproducts.com\/media\/wp-json\/wp\/v2\/media?parent=9120"}],"wp:term":[{"taxonomy":"category","embeddable":true,"href":"https:\/\/iconproducts.com\/media\/wp-json\/wp\/v2\/categories?post=9120"},{"taxonomy":"post_tag","embeddable":true,"href":"https:\/\/iconproducts.com\/media\/wp-json\/wp\/v2\/tags?post=9120"}],"curies":[{"name":"wp","href":"https:\/\/api.w.org\/{rel}","templated":true}]}}